{"id":59532,"date":"2023-09-06T09:30:00","date_gmt":"2023-09-06T14:30:00","guid":{"rendered":"http:\/\/www.zonaroja.com.mx\/?p=59532"},"modified":"2023-09-06T09:43:50","modified_gmt":"2023-09-06T14:43:50","slug":"comando-ejecuta-a-individuo-y-secuestra-a-taxista-en-oaxaca","status":"publish","type":"post","link":"https:\/\/zonaroja.com.mx\/?p=59532","title":{"rendered":"Comando ejecuta a individuo y secuestra a taxista en Oaxaca"},"content":{"rendered":"\n<p>Redacci\u00f3n\/Zona Roja.<\/p>\n\n\n\n<p>Oaxaca de Ju\u00e1rez, Oax., a 6 de septiembre de 2023.- Un comando armado asesin\u00f3 a una persona y secuestr\u00f3 a otra, en Santa Mar\u00eda Colotepec, municipio de la regi\u00f3n Costa de Oaxaca.<\/p>\n\n\n\n<p>Fue anoche en un domicilio de la localidad de Barra de Navidad en que sujetos armados a bordo de una camioneta marca Jeep y dos motocicletas arribaron para ejecutar a Ignacio \u201cN\u201d, adem\u00e1s de llevarse a un taxista identificado de manera preliminar como Jes\u00fas \u201cN\u201d.<\/p>\n\n\n\n<p>Tras ello, lograron huir sin que fueran perseguidos por los polic\u00edas municipales o estatales.<\/p>\n\n\n\n<p>Personal de la Vicefiscal\u00eda Regional de la Costa -con sede den Puerto Escondido- arrib\u00f3 de inmediato a la zona para iniciar las indagatorias.<\/p>\n\n\n\n<p>Como se inform\u00f3, ayer tambi\u00e9n fueron asesinadas otras tres personas, dos de ellas \u2014entre ellas una mujer\u2014 en el municipio de Mesones Hidalgo y otro en San Pedro Mixtepec.<\/p>\n\n\n\n<p>Por otra parte, el pasado lunes asesinaron Alejandro C.S., a bordo de su camioneta marca Ford tipo Super Duty, de color negro y con placas de circulaci\u00f3n HG-8469-F del estado de Guerrero, en el camino de la rancher\u00eda El Cacalote a San Isidro El Cuil, San Gabriel Mixtepec, Juquila.<\/p>\n\n\n\n<p>En todos los casos no hay personas detenidas.<\/p>\n","protected":false},"excerpt":{"rendered":"<p>Redacci\u00f3n\/Zona Roja. Oaxaca de Ju\u00e1rez, Oax., a 6 de septiembre de 2023.- Un comando armado&hellip;<\/p>\n","protected":false},"author":2,"featured_media":44175,"comment_status":"closed","ping_status":"open","sticky":false,"template":"","format":"standard","meta":{"_lmt_disableupdate":"","_lmt_disable":"","_jetpack_memberships_contains_paid_content":false,"footnotes":""},"categories":[109,51],"tags":[980],"class_list":["post-59532","post","type-post","status-publish","format-standard","has-post-thumbnail","hentry","category-minuto-a-minuto","category-zona-roja","tag-santa-maria-colotepec"],"jetpack_featured_media_url":"https:\/\/zonaroja.com.mx\/wp-content\/uploads\/2022\/08\/Asesinato-homicidio-escena-crimen.jpg","jetpack_sharing_enabled":true,"_links":{"self":[{"href":"https:\/\/zonaroja.com.mx\/index.php?rest_route=\/wp\/v2\/posts\/59532","targetHints":{"allow":["GET"]}}],"collection":[{"href":"https:\/\/zonaroja.com.mx\/index.php?rest_route=\/wp\/v2\/posts"}],"about":[{"href":"https:\/\/zonaroja.com.mx\/index.php?rest_route=\/wp\/v2\/types\/post"}],"author":[{"embeddable":true,"href":"https:\/\/zonaroja.com.mx\/index.php?rest_route=\/wp\/v2\/users\/2"}],"replies":[{"embeddable":true,"href":"https:\/\/zonaroja.com.mx\/index.php?rest_route=%2Fwp%2Fv2%2Fcomments&post=59532"}],"version-history":[{"count":2,"href":"https:\/\/zonaroja.com.mx\/index.php?rest_route=\/wp\/v2\/posts\/59532\/revisions"}],"predecessor-version":[{"id":59558,"href":"https:\/\/zonaroja.com.mx\/index.php?rest_route=\/wp\/v2\/posts\/59532\/revisions\/59558"}],"wp:featuredmedia":[{"embeddable":true,"href":"https:\/\/zonaroja.com.mx\/index.php?rest_route=\/wp\/v2\/media\/44175"}],"wp:attachment":[{"href":"https:\/\/zonaroja.com.mx\/index.php?rest_route=%2Fwp%2Fv2%2Fmedia&parent=59532"}],"wp:term":[{"taxonomy":"category","embeddable":true,"href":"https:\/\/zonaroja.com.mx\/index.php?rest_route=%2Fwp%2Fv2%2Fcategories&post=59532"},{"taxonomy":"post_tag","embeddable":true,"href":"https:\/\/zonaroja.com.mx\/index.php?rest_route=%2Fwp%2Fv2%2Ftags&post=59532"}],"curies":[{"name":"wp","href":"https:\/\/api.w.org\/{rel}","templated":true}]}}