{"id":59534,"date":"2023-09-06T10:30:00","date_gmt":"2023-09-06T15:30:00","guid":{"rendered":"http:\/\/www.zonaroja.com.mx\/?p=59534"},"modified":"2023-09-06T08:29:00","modified_gmt":"2023-09-06T13:29:00","slug":"rechaza-nuera-de-lopez-obrador-haber-usado-recursos-publicos-en-megafiesta","status":"publish","type":"post","link":"https:\/\/zonaroja.com.mx\/?p=59534","title":{"rendered":"Rechaza nuera de L\u00f3pez Obrador haber usado recursos p\u00fablicos en megafiesta"},"content":{"rendered":"\n<p>Redacci\u00f3n\/Zona Roja Cdmx.<\/p>\n\n\n\n<p>Ciudad de M\u00e9xico, a 6 de agosto de 2023.- Carolyn Adams, esposa de Jos\u00e9 Ram\u00f3n L\u00f3pez Beltr\u00e1n, hijo mayor del Presidente Andr\u00e9s Manuel L\u00f3pez Obrador, respondi\u00f3 este martes a las cr\u00edticas que gener\u00f3 la fiesta con la que celebr\u00f3 los 15 a\u00f1os de su hija Natalia en Culiac\u00e1n, Sinaloa.<\/p>\n\n\n\n<p>La nuera del mandatario federal comparti\u00f3 un escrito en redes sociales en el que asegur\u00f3 que la fiesta de su hija no se pag\u00f3 con recursos p\u00fablicos, pues ella, el padre de la joven y su padrastro L\u00f3pez Beltr\u00e1n \u00abtrabajan arduamente\u00bb.<\/p>\n\n\n\n<p>\u201cQuiero aclarar que no utilizamos dinero p\u00fablico como intentan hacer creer. Tanto el padre de mi hija como yo, as\u00ed como su padrastro, trabajamos arduamente y contribuimos responsablemente para hacer realidad esta celebraci\u00f3n\u201d, escribi\u00f3.<\/p>\n\n\n\n<p>Carolyn Adams acus\u00f3 adem\u00e1s que las difamaciones y ofensas que han surgido sobre la fiesta de su hija han convertido el sue\u00f1o de una menor en un \u00abjuego pol\u00edtico\u201d.<\/p>\n\n\n\n<p>\u00abQuiero enfatizar que NO soy pol\u00edtica, NO vivo de la corrupci\u00f3n y NUNCA he formado parte de ning\u00fan gobierno. Soy una persona individual que ha trabajado incansablemente, sin da\u00f1ar a nadie ni recurrir a pr\u00e1cticas corruptas\u00bb, expres\u00f3.<\/p>\n\n\n\n<p>Adams rechaz\u00f3 los ataques con mentiras en contra de su familia e hija, a la vez que expres\u00f3 su indignaci\u00f3n \u00abpor c\u00f3mo este evento se ha distorsionado y se ha convertido en objeto de acusaciones infundadas\u00bb.<\/p>\n\n\n\n<p>La empresaria apunt\u00f3 tambi\u00e9n que, cada que hay un se\u00f1alamiento en contra de ella y de su esposo Jos\u00e9 Ram\u00f3n L\u00f3pez Beltr\u00e1n, siempre se recuerda tambi\u00e9n la pol\u00e9mica que gener\u00f3 la llamada \u00abCasa gris\u00bb, inmueble que la pareja rent\u00f3 en Houston, Texas, y que era propiedad de un alto ejecutivo de Baker Hughes, compa\u00f1\u00eda con millonarios contratos en Pemex y que evidenci\u00f3 un presunto conflicto de intereses.<\/p>\n\n\n\n<p>LUJOSA FIESTA<\/p>\n\n\n\n<p>Durante el fin de semana pasado, a trav\u00e9s de redes sociales circularon varias fotograf\u00edas sobre la fiesta en la que la hijastra de Jos\u00e9 Ram\u00f3n L\u00f3pez Beltr\u00e1n festej\u00f3 sus 15 a\u00f1os.<\/p>\n\n\n\n<p>Si bien Natalia cumpli\u00f3 15 a\u00f1os durante la pandemia, la fiesta apenas se llev\u00f3 a cabo el fin de semana pasado en la Casona Centenario, uno de los salones m\u00e1s exclusivos de Culiac\u00e1n, ubicado dentro del Desarrollo Urbano Tres R\u00edos.<\/p>\n\n\n\n<p>Seg\u00fan los reportes, la familia paterna de la joven es originaria de dicho lugar, motivo por el cual la celebraci\u00f3n se realiz\u00f3 en el norte del pa\u00eds.<\/p>\n\n\n\n<p>(Informaci\u00f3n de \u201cExpansi\u00f3n Pol\u00edtica\u201d)<\/p>\n","protected":false},"excerpt":{"rendered":"<p>Redacci\u00f3n\/Zona Roja Cdmx. Ciudad de M\u00e9xico, a 6 de agosto de 2023.- Carolyn Adams, esposa&hellip;<\/p>\n","protected":false},"author":2,"featured_media":59535,"comment_status":"closed","ping_status":"open","sticky":false,"template":"","format":"standard","meta":{"_lmt_disableupdate":"","_lmt_disable":"","_jetpack_memberships_contains_paid_content":false,"footnotes":""},"categories":[109,47],"tags":[143],"class_list":["post-59534","post","type-post","status-publish","format-standard","has-post-thumbnail","hentry","category-minuto-a-minuto","category-zona-gris","tag-andres-manuel-lopez-obrador"],"jetpack_featured_media_url":"https:\/\/zonaroja.com.mx\/wp-content\/uploads\/2023\/09\/Fiesta-Carolina-Adams-Jose-Ramon-Lopez-Beltran.webp","jetpack_sharing_enabled":true,"_links":{"self":[{"href":"https:\/\/zonaroja.com.mx\/index.php?rest_route=\/wp\/v2\/posts\/59534","targetHints":{"allow":["GET"]}}],"collection":[{"href":"https:\/\/zonaroja.com.mx\/index.php?rest_route=\/wp\/v2\/posts"}],"about":[{"href":"https:\/\/zonaroja.com.mx\/index.php?rest_route=\/wp\/v2\/types\/post"}],"author":[{"embeddable":true,"href":"https:\/\/zonaroja.com.mx\/index.php?rest_route=\/wp\/v2\/users\/2"}],"replies":[{"embeddable":true,"href":"https:\/\/zonaroja.com.mx\/index.php?rest_route=%2Fwp%2Fv2%2Fcomments&post=59534"}],"version-history":[{"count":1,"href":"https:\/\/zonaroja.com.mx\/index.php?rest_route=\/wp\/v2\/posts\/59534\/revisions"}],"predecessor-version":[{"id":59536,"href":"https:\/\/zonaroja.com.mx\/index.php?rest_route=\/wp\/v2\/posts\/59534\/revisions\/59536"}],"wp:featuredmedia":[{"embeddable":true,"href":"https:\/\/zonaroja.com.mx\/index.php?rest_route=\/wp\/v2\/media\/59535"}],"wp:attachment":[{"href":"https:\/\/zonaroja.com.mx\/index.php?rest_route=%2Fwp%2Fv2%2Fmedia&parent=59534"}],"wp:term":[{"taxonomy":"category","embeddable":true,"href":"https:\/\/zonaroja.com.mx\/index.php?rest_route=%2Fwp%2Fv2%2Fcategories&post=59534"},{"taxonomy":"post_tag","embeddable":true,"href":"https:\/\/zonaroja.com.mx\/index.php?rest_route=%2Fwp%2Fv2%2Ftags&post=59534"}],"curies":[{"name":"wp","href":"https:\/\/api.w.org\/{rel}","templated":true}]}}