{"id":59537,"date":"2023-09-06T11:29:00","date_gmt":"2023-09-06T16:29:00","guid":{"rendered":"http:\/\/www.zonaroja.com.mx\/?p=59537"},"modified":"2023-09-06T08:30:28","modified_gmt":"2023-09-06T13:30:28","slug":"salvaguarda-poder-judicial-derechos-de-mujeres-indigenas","status":"publish","type":"post","link":"https:\/\/zonaroja.com.mx\/?p=59537","title":{"rendered":"Salvaguarda Poder Judicial\u00a0derechos de mujeres ind\u00edgenas"},"content":{"rendered":"\n<p>Redacci\u00f3n\/Zona Roja.<\/p>\n\n\n\n<p>Oaxaca de Ju\u00e1rez, Oax., a 6 de septiembre de 2023.- En&nbsp;el marco del D\u00eda&nbsp;Internacional de la Mujer Ind\u00edgena, que se conmemora&nbsp;el 5 de septiembre, el Poder Judicial del Estado refrenda su compromiso con este sector de la poblaci\u00f3n&nbsp;paragarantizar que cuente con un efectivo&nbsp;acceso&nbsp;a la&nbsp;justicia y&nbsp;en el caso de&nbsp;a&nbsp;quienes se les sigue un proceso penal, sean juzgadas&nbsp;respetando sus&nbsp;derechos&nbsp;y&nbsp;el debido proceso. &nbsp;<\/p>\n\n\n\n<p>Oaxaca es&nbsp;una de las entidades&nbsp;con mayor diversidad cultural de M\u00e9xico, con una poblaci\u00f3n de casi 75 por ciento que se&nbsp;auto adscribe&nbsp;como ind\u00edgena y afromexicana, pertenecientes a las 16 etnias que habitan el estado; dicha multiculturalidad hace complejo hablar de un sistema de justicia \u00fanico, toda vez que hay contextos espec\u00edficos a considerar.&nbsp;<\/p>\n\n\n\n<p>Ante este panorama, el Poder Judicial del Estado cuenta con la Sala de Justicia Ind\u00edgena, \u00fanica en el pa\u00eds,&nbsp;con&nbsp;siete a\u00f1os de funcionamiento y de tutelar los derechos fundamentales de los pueblos y comunidades originarias, ya que como parte de sus atribuciones conoce de los asuntos relacionados con las resoluciones de las autoridades e inconformidades que deriven de los sistemas normativos internos.<\/p>\n\n\n\n<p>Asimismo,&nbsp;resultado de un esfuerzo conjunto&nbsp;elabor\u00f3 el Protocolo para la armonizaci\u00f3n y la coordinaci\u00f3n entre las jurisdicciones estatal e ind\u00edgena-afromexicana,&nbsp;como una herramienta que&nbsp;permitea la instituci\u00f3n&nbsp;avanzar en el fortalecimiento de la perspectiva ind\u00edgena y orientar a las y los juzgadores en sus decisiones y atenci\u00f3n a este sector de la sociedad.<\/p>\n\n\n\n<p>Recientemente, se present\u00f3 tambi\u00e9n el&nbsp;Centro de Informaci\u00f3n de Justicia Ind\u00edgena (CIJI), plataforma \u00fanica en su tipo, que tiene como objetivo brindar informaci\u00f3n a las y los operadores jurisdiccionales&nbsp;basada&nbsp;en las realidades concretas de los pueblos ind\u00edgenas y visibilizar la diversidad jur\u00eddica existente.<\/p>\n\n\n\n<p>Bajo estos preceptos se rige la actuaci\u00f3n del Poder Judicial del Estado sensible a la condici\u00f3n que enfrentan las mujeres ind\u00edgenas, por lo cual exhorta a las y los servidores p\u00fablicos judiciales a tener conocimiento y entendimiento del pluralismo jur\u00eddico en la entidad, con el prop\u00f3sito de coadyuvar a la aplicaci\u00f3n de una justicia intercultural y con perspectiva de g\u00e9nero.&nbsp;<\/p>\n","protected":false},"excerpt":{"rendered":"<p>Redacci\u00f3n\/Zona Roja. Oaxaca de Ju\u00e1rez, Oax., a 6 de septiembre de 2023.- En&nbsp;el marco del&hellip;<\/p>\n","protected":false},"author":2,"featured_media":59538,"comment_status":"closed","ping_status":"open","sticky":false,"template":"","format":"standard","meta":{"_lmt_disableupdate":"","_lmt_disable":"","_jetpack_memberships_contains_paid_content":false,"footnotes":""},"categories":[109,46],"tags":[223],"class_list":["post-59537","post","type-post","status-publish","format-standard","has-post-thumbnail","hentry","category-minuto-a-minuto","category-zona-blanca","tag-poder-judicial-de-oaxaca"],"jetpack_featured_media_url":"https:\/\/zonaroja.com.mx\/wp-content\/uploads\/2023\/09\/El-Poder-Judicial-trabaja-para-garantizar-a-este-sector-de-la-poblacion-el-efectivo-acceso-a-la-justicia.jpg","jetpack_sharing_enabled":true,"_links":{"self":[{"href":"https:\/\/zonaroja.com.mx\/index.php?rest_route=\/wp\/v2\/posts\/59537","targetHints":{"allow":["GET"]}}],"collection":[{"href":"https:\/\/zonaroja.com.mx\/index.php?rest_route=\/wp\/v2\/posts"}],"about":[{"href":"https:\/\/zonaroja.com.mx\/index.php?rest_route=\/wp\/v2\/types\/post"}],"author":[{"embeddable":true,"href":"https:\/\/zonaroja.com.mx\/index.php?rest_route=\/wp\/v2\/users\/2"}],"replies":[{"embeddable":true,"href":"https:\/\/zonaroja.com.mx\/index.php?rest_route=%2Fwp%2Fv2%2Fcomments&post=59537"}],"version-history":[{"count":1,"href":"https:\/\/zonaroja.com.mx\/index.php?rest_route=\/wp\/v2\/posts\/59537\/revisions"}],"predecessor-version":[{"id":59539,"href":"https:\/\/zonaroja.com.mx\/index.php?rest_route=\/wp\/v2\/posts\/59537\/revisions\/59539"}],"wp:featuredmedia":[{"embeddable":true,"href":"https:\/\/zonaroja.com.mx\/index.php?rest_route=\/wp\/v2\/media\/59538"}],"wp:attachment":[{"href":"https:\/\/zonaroja.com.mx\/index.php?rest_route=%2Fwp%2Fv2%2Fmedia&parent=59537"}],"wp:term":[{"taxonomy":"category","embeddable":true,"href":"https:\/\/zonaroja.com.mx\/index.php?rest_route=%2Fwp%2Fv2%2Fcategories&post=59537"},{"taxonomy":"post_tag","embeddable":true,"href":"https:\/\/zonaroja.com.mx\/index.php?rest_route=%2Fwp%2Fv2%2Ftags&post=59537"}],"curies":[{"name":"wp","href":"https:\/\/api.w.org\/{rel}","templated":true}]}}