{"id":59542,"date":"2023-09-06T13:30:00","date_gmt":"2023-09-06T18:30:00","guid":{"rendered":"http:\/\/www.zonaroja.com.mx\/?p=59542"},"modified":"2023-09-06T08:42:39","modified_gmt":"2023-09-06T13:42:39","slug":"venganza-a-la-4t-llevan-a-fiscal-de-morelos-a-penal-de-alta-seguridad","status":"publish","type":"post","link":"https:\/\/zonaroja.com.mx\/?p=59542","title":{"rendered":"\u00bfVenganza a la 4T? Llevan a fiscal de Morelos a penal de alta seguridad"},"content":{"rendered":"\n<p>Redacci\u00f3n\/Zona Roja Cdmx<\/p>\n\n\n\n<p>Ciudad de M\u00e9xico, a 6 de septiembre de 2023.- Uriel Carmona, fiscal de Morelos, fue trasladado al Penal del Altiplano, seg\u00fan confirm\u00f3 su abogado Pedro Nava.<\/p>\n\n\n\n<p>Carmona G\u00e1ndara fue trasladado del Reclusorio Sur al penal del Altiplano, un penal de alta seguridad, donde ingres\u00f3 a las 23:01 horas de ayer.<\/p>\n\n\n\n<p>En entrevista con \u201cMilenio\u201d, el abogado del fiscal asegur\u00f3 que desconocen la raz\u00f3n por la que su cliente se traslad\u00f3 a dicho centro pero que, presuntamente, ser\u00eda porque se le considera de peligrosidad.<\/p>\n\n\n\n<p>Polic\u00edas capitalinos cumplimentaron la noche del viernes una nueva orden de aprehensi\u00f3n en contra del fiscal morelense Uriel Carmona, por su probable participaci\u00f3n en el delito de encubrimiento por favorecimiento.<\/p>\n\n\n\n<p>El agente del Ministerio P\u00fablico adscrito a la Fiscal\u00eda de Investigaci\u00f3n Estrat\u00e9gica de Asuntos Especiales de la Coordinaci\u00f3n General de Investigaci\u00f3n Estrat\u00e9gica solicit\u00f3 y obtuvo el mandamiento judicial, mismo que fue cumplimentado por elementos investigadores al momento en el que el ex servidor p\u00fablico abandonaba el Reclusorio Preventivo Varonil Sur.<\/p>\n\n\n\n<p>Los detectives le notificaron a dicha persona de la orden de aprehensi\u00f3n vigente en su contra en apego a los protocolos de actuaci\u00f3n policial.<\/p>\n\n\n\n<p>El imputado fue trasladado para su certificaci\u00f3n m\u00e9dica, para posteriormente ser puesto a disposici\u00f3n del juez de control que lo requiri\u00f3 en ese mismo centro penitenciario.<\/p>\n\n\n\n<p>(Con informaci\u00f3n de L\u00f3pez-D\u00f3riga Digital)<\/p>\n","protected":false},"excerpt":{"rendered":"<p>Redacci\u00f3n\/Zona Roja Cdmx Ciudad de M\u00e9xico, a 6 de septiembre de 2023.- Uriel Carmona, fiscal&hellip;<\/p>\n","protected":false},"author":2,"featured_media":59543,"comment_status":"closed","ping_status":"open","sticky":false,"template":"","format":"standard","meta":{"_lmt_disableupdate":"","_lmt_disable":"","_jetpack_memberships_contains_paid_content":false,"footnotes":""},"categories":[109,47],"tags":[3635],"class_list":["post-59542","post","type-post","status-publish","format-standard","has-post-thumbnail","hentry","category-minuto-a-minuto","category-zona-gris","tag-fiscal-uriel-carmona-gandara"],"jetpack_featured_media_url":"https:\/\/zonaroja.com.mx\/wp-content\/uploads\/2023\/09\/Uriel-Carmona-Morelos.webp","jetpack_sharing_enabled":true,"_links":{"self":[{"href":"https:\/\/zonaroja.com.mx\/index.php?rest_route=\/wp\/v2\/posts\/59542","targetHints":{"allow":["GET"]}}],"collection":[{"href":"https:\/\/zonaroja.com.mx\/index.php?rest_route=\/wp\/v2\/posts"}],"about":[{"href":"https:\/\/zonaroja.com.mx\/index.php?rest_route=\/wp\/v2\/types\/post"}],"author":[{"embeddable":true,"href":"https:\/\/zonaroja.com.mx\/index.php?rest_route=\/wp\/v2\/users\/2"}],"replies":[{"embeddable":true,"href":"https:\/\/zonaroja.com.mx\/index.php?rest_route=%2Fwp%2Fv2%2Fcomments&post=59542"}],"version-history":[{"count":1,"href":"https:\/\/zonaroja.com.mx\/index.php?rest_route=\/wp\/v2\/posts\/59542\/revisions"}],"predecessor-version":[{"id":59544,"href":"https:\/\/zonaroja.com.mx\/index.php?rest_route=\/wp\/v2\/posts\/59542\/revisions\/59544"}],"wp:featuredmedia":[{"embeddable":true,"href":"https:\/\/zonaroja.com.mx\/index.php?rest_route=\/wp\/v2\/media\/59543"}],"wp:attachment":[{"href":"https:\/\/zonaroja.com.mx\/index.php?rest_route=%2Fwp%2Fv2%2Fmedia&parent=59542"}],"wp:term":[{"taxonomy":"category","embeddable":true,"href":"https:\/\/zonaroja.com.mx\/index.php?rest_route=%2Fwp%2Fv2%2Fcategories&post=59542"},{"taxonomy":"post_tag","embeddable":true,"href":"https:\/\/zonaroja.com.mx\/index.php?rest_route=%2Fwp%2Fv2%2Ftags&post=59542"}],"curies":[{"name":"wp","href":"https:\/\/api.w.org\/{rel}","templated":true}]}}