{"id":59545,"date":"2023-09-06T14:30:00","date_gmt":"2023-09-06T19:30:00","guid":{"rendered":"http:\/\/www.zonaroja.com.mx\/?p=59545"},"modified":"2023-09-06T08:44:05","modified_gmt":"2023-09-06T13:44:05","slug":"opinion-vuelven-las-enfermedades-de-la-pobreza","status":"publish","type":"post","link":"https:\/\/zonaroja.com.mx\/?p=59545","title":{"rendered":"Opini\u00f3n. Vuelven las enfermedades de la pobreza"},"content":{"rendered":"\n<p>N\u00e9stor Y. S\u00e1nchez Islas<\/p>\n\n\n\n<p>Cuando nos sent\u00edamos tan seguros por el desarrollo tecnol\u00f3gico&nbsp;de la humanidad nos topamos con pared; enfermedades erradicas o controladas hace a\u00f1os est\u00e1n de vuelta, en Oaxaca y el mundo. La pandemia de Covid nos mostr\u00f3 lo vulnerables que somos ante la naturaleza. Cuando ella enfurece nosotros debemos correr para estar a salvo, s\u00ed podemos.<\/p>\n\n\n\n<p>Los avances sanitarios en el \u00faltimo siglo han sido determinantes en la mejora de nuestras condiciones de vida. Gracias a ellos nuestro promedia de vida, y calidad de&nbsp;\u00e9sta, ha aumentado,&nbsp;siendo la sanidad una forma de medir el progreso de cada pa\u00eds.<\/p>\n\n\n\n<p>Estamos despertando de la larga noche de la pandemia de Covid&nbsp;y ya estamos advertidos de que viene otra ola en camino. No ser\u00eda tan preocupante puesto que las vacunas autorizadas por la OMS pueden protegernos de sus efectos mortales, sin embargo, gracias a las preferencias ideol\u00f3gicas y nada cient\u00edficas del r\u00e9gimen hoy solo tenemos una vacuna cubana que nadie quiere, miles de ellas est\u00e1n caducando en los almacenes; dinero&nbsp;regalado a la dictadura.<\/p>\n\n\n\n<p>Abandonados por el gobierno y en manos de personas antivacunas pudimos sobrevivir&nbsp;al Covid, aunque muy maltrechos en cuanto a econom\u00eda. Hoy nos enfrentamos a m\u00e1s problemas de salud, problemas que pensamos superados hace tiempo est\u00e1n de vuelta. Las enfermedades de la pobreza vuelven a determinar la vida de gran parte de nosotros.<\/p>\n\n\n\n<p>Como lo publica la prensa local y nacional. Oaxaca est\u00e1 en medio de una gran crisis de dengue, una enfermedad que tiene un alto grado de mortalidad. Esta enfermedad tropical que gracias al calentamiento global ha llegado a pa\u00edses que nunca la hab\u00edan sufrido, es una de las llamadas enfermedades de la pobreza, junto a la tuberculosis, las diarreas, c\u00f3lera, sarampi\u00f3n y otras varias m\u00e1s.&nbsp;Pueden ser revertidas cuando el gobierno act\u00faa y se ocupa del problema, pero nuestro gobierno est\u00e1 m\u00e1s ocupado&nbsp;en llenar al pa\u00eds de propaganda de su candidata.<\/p>\n\n\n\n<p>La pol\u00edtica de salud publica oficial, que es un decir porque no existe, ha dejado a millones de personas sin atenci\u00f3n, sin vacunas y sin medicamentos. Gran parte de esa poblaci\u00f3n ha sido&nbsp;empujada&nbsp;por el mismo gobierno a usar los sistemas privados de salud&nbsp;con el enorme impacto social que provoca&nbsp;el tener que vender sus bienes para sufragar&nbsp;una enfermedad.&nbsp;\u201cLas instituciones desmanteladas y los servicios fragmentados y reducidos al m\u00ednimo&nbsp;no sirven para enfrentar situaciones de emergencia sanitaria\u201d. (Las enfermedades de la pobreza. UNAM).<\/p>\n\n\n\n<p>Tenemos en Oaxaca casos crecientes de tuberculosis y lepra, padecimientos indicativos de que la pobreza&nbsp;aumenta. Contrastan estos datos con la supuesta reducci\u00f3n de pobreza en el pa\u00eds. Ah\u00ed est\u00e1n los enfermos,&nbsp;no existen los otros datos, basta con darse una vuelta a&nbsp;los alrededores del Hospital Civil&nbsp;para abrir los ojos y darse cuenta&nbsp;que la gente durmiendo&nbsp;en las banquetas&nbsp;sobre cartones&nbsp;son un mejor&nbsp;indicador de que la pobreza&nbsp;no&nbsp;est\u00e1 erradic\u00e1ndose.<\/p>\n\n\n\n<p>Vivimos un aumento de muertes infantiles y maternas, se agudiza la diabetes y la hipertensi\u00f3n, se dejan de aplicar vacunas que previenen la polio, la tuberculosis o el sarampi\u00f3n. Aquellas grandes campa\u00f1as de vacunaci\u00f3n que los neoliberales llevaron a cabo se terminaron porque ahora basta tener un par de \u201cdetentes\u201d en la bolsa,&nbsp;y ser honrado,&nbsp;para&nbsp;enfrentar enfermedades mortales.<\/p>\n\n\n\n<p>La precariedad a la que se est\u00e1 regresando a mucha gente que hab\u00eda subido un pelda\u00f1o en la escalera de la movilidad social est\u00e1n provocando que su mala alimentaci\u00f3n les provoque anemia, desnutrici\u00f3n malnutrici\u00f3n, depresi\u00f3n. Los tratamientos contra el VIH\/Sida han dejado de entregarse con regularidad y se sabe de que hay nuevos casos de poliomielitis.<\/p>\n\n\n\n<p>Nuestro gobierno estatal, ocupado tambi\u00e9n en la campa\u00f1a de su corcholata favorita,&nbsp;aplica tambi\u00e9n el modito presidencial: 90% de lealtad y 10% eficacia. Por ello mismo, y es motivo de esc\u00e1ndalo, han tratado de combatir el dengue con qu\u00edmicos caducados. Ha destinado m\u00e1s dinero en rentar&nbsp;in\u00fatiles salas de cine port\u00e1tiles que en combatir las enfermedades queafectan m\u00e1s a quienes viven en pobreza.<\/p>\n\n\n\n<p>Seg\u00fan un estudio de la UNAM, \u201cla pol\u00edtica y la ideolog\u00eda que priorizan lo individual y lo privado, subordinan lo p\u00fablico y plantean la resoluci\u00f3n de las necesidades humanas a trav\u00e9s del mercado, se ha consolidado con altos costos sociales y de salud que, si no son revertidos, colocar\u00e1n a los ciudadanos en una situaci\u00f3n de emergencia sanitaria.\u201d (Enfermedades de la pobreza. UNAM).<\/p>\n\n\n\n<p>Creyendo combatir la corrupci\u00f3n,&nbsp;el presidente y sus gobernadores desmantelaron el complejo sistema log\u00edstico de distribuci\u00f3n de medicamentos. Hoy, a cambio, ofrecen&nbsp;crear un almac\u00e9n central con \u201ctoooodas\u201d las medicinas del mundo para ser enviadas a los hospitales del pa\u00eds cuando \u00e9stos las requieran. Supongo que cuando una persona est\u00e9 muriendo le pedir\u00e1n que espere para que llegue desde la CDMX el medicamento que le salvar\u00e1 la vida.&nbsp;Salieron&nbsp;peor&nbsp;que los neoliberales.<\/p>\n\n\n\n<p><a href=\"mailto:nestoryuri@yahoo.com\">nestoryuri@yahoo.com<\/a><\/p>\n","protected":false},"excerpt":{"rendered":"<p>N\u00e9stor Y. S\u00e1nchez Islas Cuando nos sent\u00edamos tan seguros por el desarrollo tecnol\u00f3gico&nbsp;de la humanidad&hellip;<\/p>\n","protected":false},"author":2,"featured_media":41861,"comment_status":"closed","ping_status":"open","sticky":false,"template":"","format":"standard","meta":{"_lmt_disableupdate":"","_lmt_disable":"","_jetpack_memberships_contains_paid_content":false,"footnotes":""},"categories":[456,109],"tags":[3050],"class_list":["post-59545","post","type-post","status-publish","format-standard","has-post-thumbnail","hentry","category-columna","category-minuto-a-minuto","tag-nestor-yuri-sanchez"],"jetpack_featured_media_url":"https:\/\/zonaroja.com.mx\/wp-content\/uploads\/2022\/05\/Opinion-Nestor-Yuri-Sanchez-Islas.jpg","jetpack_sharing_enabled":true,"_links":{"self":[{"href":"https:\/\/zonaroja.com.mx\/index.php?rest_route=\/wp\/v2\/posts\/59545","targetHints":{"allow":["GET"]}}],"collection":[{"href":"https:\/\/zonaroja.com.mx\/index.php?rest_route=\/wp\/v2\/posts"}],"about":[{"href":"https:\/\/zonaroja.com.mx\/index.php?rest_route=\/wp\/v2\/types\/post"}],"author":[{"embeddable":true,"href":"https:\/\/zonaroja.com.mx\/index.php?rest_route=\/wp\/v2\/users\/2"}],"replies":[{"embeddable":true,"href":"https:\/\/zonaroja.com.mx\/index.php?rest_route=%2Fwp%2Fv2%2Fcomments&post=59545"}],"version-history":[{"count":1,"href":"https:\/\/zonaroja.com.mx\/index.php?rest_route=\/wp\/v2\/posts\/59545\/revisions"}],"predecessor-version":[{"id":59546,"href":"https:\/\/zonaroja.com.mx\/index.php?rest_route=\/wp\/v2\/posts\/59545\/revisions\/59546"}],"wp:featuredmedia":[{"embeddable":true,"href":"https:\/\/zonaroja.com.mx\/index.php?rest_route=\/wp\/v2\/media\/41861"}],"wp:attachment":[{"href":"https:\/\/zonaroja.com.mx\/index.php?rest_route=%2Fwp%2Fv2%2Fmedia&parent=59545"}],"wp:term":[{"taxonomy":"category","embeddable":true,"href":"https:\/\/zonaroja.com.mx\/index.php?rest_route=%2Fwp%2Fv2%2Fcategories&post=59545"},{"taxonomy":"post_tag","embeddable":true,"href":"https:\/\/zonaroja.com.mx\/index.php?rest_route=%2Fwp%2Fv2%2Ftags&post=59545"}],"curies":[{"name":"wp","href":"https:\/\/api.w.org\/{rel}","templated":true}]}}