{"id":59556,"date":"2023-09-06T15:11:00","date_gmt":"2023-09-06T20:11:00","guid":{"rendered":"http:\/\/www.zonaroja.com.mx\/?p=59556"},"modified":"2023-09-06T09:12:24","modified_gmt":"2023-09-06T14:12:24","slug":"el-colapso-climatico-ha-comenzado-advirtio-el-secretario-general-de-la-onu","status":"publish","type":"post","link":"https:\/\/zonaroja.com.mx\/?p=59556","title":{"rendered":"\u201cEl colapso clim\u00e1tico ha comenzado\u201d, advirti\u00f3 el secretario general de la ONU"},"content":{"rendered":"\n<p>Redacci\u00f3n\/Zona Roja Cdmx.<\/p>\n\n\n\n<p>Ciudad de M\u00e9xico, a 6 de septiembre de 2023.- Las temperaturas medias mundiales durante los tres meses del verano boreal (junio-julio-agosto) fueron las m\u00e1s elevadas desde que se tiene registro, anunci\u00f3 este mi\u00e9rcoles el observatorio europeo Copernicus, para el que 2023 ser\u00e1 probablemente el a\u00f1o m\u00e1s caluroso de la historia.<\/p>\n\n\n\n<p>\u201cNuestro clima est\u00e1 implosionando m\u00e1s r\u00e1pido de lo que podemos hacer frente, con fen\u00f3menos meteorol\u00f3gicos extremos que afectan a todos los rincones del planeta\u201d, alert\u00f3 en un comunicado, recordando que \u201clos cient\u00edficos llevan mucho tiempo advirtiendo de las consecuencias de nuestra dependencia de los combustibles f\u00f3siles\u201d.<\/p>\n\n\n\n<p>Can\u00edculas, sequ\u00edas, inundaciones o incendios azotaron durante ese verano boreal Asia, Europa y Am\u00e9rica del Norte, en proporciones dram\u00e1ticas y a veces in\u00e9ditas, con p\u00e9rdidas de vidas humanas y grandes da\u00f1os en las econom\u00edas y el medioambiente.<\/p>\n\n\n\n<p>El hemisferio sur, con r\u00e9cords de calor en pleno invierno austral, tambi\u00e9n se vio afectado.<\/p>\n\n\n\n<p>\u201cDesde 120.000 a\u00f1os\u201d<\/p>\n\n\n\n<p>\u201cLa estaci\u00f3n junio-julio-agosto 2023\u2033, que corresponde al verano en el hemisferio norte, \u201cfue de lejos la m\u00e1s c\u00e1lida jam\u00e1s registrada en el mundo, con una temperatura media mundial de 16,77 \u00b0C\u201d, afirm\u00f3 Copernicus.<\/p>\n\n\n\n<p>Es 0,66 \u00b0C por encima de la media en el periodo 1991-2020, que ya registr\u00f3 una subida de las temperaturas medias del planeta debido al calentamiento clim\u00e1tico causado por la actividad humana. Y superior &#8211;unas dos d\u00e9cimas&#8211; del anterior r\u00e9cord en 2019.<\/p>\n\n\n\n<p>Este julio fue el mes m\u00e1s c\u00e1lido jam\u00e1s registrado, y ahora agosto se ha convertido en el segundo, precis\u00f3 el observatorio.<\/p>\n\n\n\n<p>Y en los ocho primeros meses del a\u00f1o, la temperatura media del planeta est\u00e1 \u201csolo 0,01 \u00b0C por detr\u00e1s de 2016, el a\u00f1o m\u00e1s caluroso jam\u00e1s registrado\u201d.<\/p>\n\n\n\n<p>Pero este r\u00e9cord pronto caer\u00e1, teniendo en cuenta las previsiones y el regreso en el oc\u00e9ano Pac\u00edfico del fen\u00f3meno clim\u00e1tico de El Ni\u00f1o, que conllevar\u00e1 m\u00e1s calentamiento.<\/p>\n\n\n\n<p>\u201cTeniendo en cuenta el calor en exceso en la superficie del oc\u00e9ano, es probable que 2023 sea el a\u00f1o m\u00e1s c\u00e1lido (&#8230;) que haya conocido la humanidad\u201d, declar\u00f3 a la AFP Samantha Burgess, jefa adjunta del servicio de cambio clim\u00e1tico (C3S) de Copernicus.<\/p>\n\n\n\n<p>La base de datos de Copernicus remonta a 1940, pero puede compararse al clima de los milenios anteriores, establecido gracias a los anillos de los \u00e1rboles y a los n\u00facleos de hielo, y sintetizado en el \u00faltimo informe de los expertos en cambio clim\u00e1tico de la ONU (IPCC).<\/p>\n\n\n\n<p>A partir de esta base, \u201clos tres meses que acabamos de vivir son las m\u00e1s c\u00e1lidos desde hace alrededor de 120.000 a\u00f1os, es decir, desde el principio de la historia de la humanidad\u201d, afirm\u00f3 Burgess.<\/p>\n\n\n\n<p>Sobrecalentamiento de los oc\u00e9anos<\/p>\n\n\n\n<p>Pese a los tres a\u00f1os sucesivos de La Ni\u00f1a, fen\u00f3meno inverso a El Ni\u00f1o que contrarresta en parte el calentamiento, los a\u00f1os 2015-2022 ya han sido los m\u00e1s calurosos jam\u00e1s registrados.<\/p>\n\n\n\n<p>El sobrecalentamiento de los oc\u00e9anos, que siguen absorbiendo 90% del calor en exceso provocado por la actividad humana desde la era industrial, tiene un papel crucial en el proceso.<\/p>\n\n\n\n<p>Desde abril, su temperatura media de superficie registra niveles de calor in\u00e9ditos.<\/p>\n\n\n\n<p>\u201cDel 31 de julio al 31 de agosto\u201d, esa temperatura \u201cincluso ha superado cada d\u00eda el anterior r\u00e9cord de marzo de de 2016\u2033, seg\u00fan Copernicus, alcanzando el umbral simb\u00f3lico in\u00e9dito de 21 \u00b0C, muy por encima de todos los valores registrados.<\/p>\n\n\n\n<p>\u201cEl calentamiento de los oc\u00e9anos conlleva el de la atm\u00f3sfera y un aumento de la humedad, lo que provoca precipitaciones m\u00e1s intensas y un aumento de la energ\u00eda disponible para los ciclones tropicales\u201d, advirti\u00f3 Burgess.<\/p>\n\n\n\n<p>Este sobrecalentamiento tambi\u00e9n afecta a la biodiversidad: \u201cHay menos nutrientes en el oc\u00e9ano (..) y menos ox\u00edgeno\u201d, lo que amenaza a la supervivencia de la fauna y la flora, agreg\u00f3.<\/p>\n\n\n\n<p>\u201cLas temperaturas seguir\u00e1n aumentando mientras no cerremos el grifo de las emisiones\u201d, procedentes en gran parte de la combusti\u00f3n de carb\u00f3n, petr\u00f3leo y gas, concluy\u00f3 la cient\u00edfica.<\/p>\n\n\n\n<p>(En Infobae, con informaci\u00f3n de AFP)<\/p>\n","protected":false},"excerpt":{"rendered":"<p>Redacci\u00f3n\/Zona Roja Cdmx. Ciudad de M\u00e9xico, a 6 de septiembre de 2023.- Las temperaturas medias&hellip;<\/p>\n","protected":false},"author":2,"featured_media":57262,"comment_status":"closed","ping_status":"open","sticky":false,"template":"","format":"standard","meta":{"_lmt_disableupdate":"","_lmt_disable":"","_jetpack_memberships_contains_paid_content":false,"footnotes":""},"categories":[109,47],"tags":[3521],"class_list":["post-59556","post","type-post","status-publish","format-standard","has-post-thumbnail","hentry","category-minuto-a-minuto","category-zona-gris","tag-cambio-climatico"],"jetpack_featured_media_url":"https:\/\/zonaroja.com.mx\/wp-content\/uploads\/2023\/07\/Cambio-climatico-en-el-mundo.jpeg","jetpack_sharing_enabled":true,"_links":{"self":[{"href":"https:\/\/zonaroja.com.mx\/index.php?rest_route=\/wp\/v2\/posts\/59556","targetHints":{"allow":["GET"]}}],"collection":[{"href":"https:\/\/zonaroja.com.mx\/index.php?rest_route=\/wp\/v2\/posts"}],"about":[{"href":"https:\/\/zonaroja.com.mx\/index.php?rest_route=\/wp\/v2\/types\/post"}],"author":[{"embeddable":true,"href":"https:\/\/zonaroja.com.mx\/index.php?rest_route=\/wp\/v2\/users\/2"}],"replies":[{"embeddable":true,"href":"https:\/\/zonaroja.com.mx\/index.php?rest_route=%2Fwp%2Fv2%2Fcomments&post=59556"}],"version-history":[{"count":1,"href":"https:\/\/zonaroja.com.mx\/index.php?rest_route=\/wp\/v2\/posts\/59556\/revisions"}],"predecessor-version":[{"id":59557,"href":"https:\/\/zonaroja.com.mx\/index.php?rest_route=\/wp\/v2\/posts\/59556\/revisions\/59557"}],"wp:featuredmedia":[{"embeddable":true,"href":"https:\/\/zonaroja.com.mx\/index.php?rest_route=\/wp\/v2\/media\/57262"}],"wp:attachment":[{"href":"https:\/\/zonaroja.com.mx\/index.php?rest_route=%2Fwp%2Fv2%2Fmedia&parent=59556"}],"wp:term":[{"taxonomy":"category","embeddable":true,"href":"https:\/\/zonaroja.com.mx\/index.php?rest_route=%2Fwp%2Fv2%2Fcategories&post=59556"},{"taxonomy":"post_tag","embeddable":true,"href":"https:\/\/zonaroja.com.mx\/index.php?rest_route=%2Fwp%2Fv2%2Ftags&post=59556"}],"curies":[{"name":"wp","href":"https:\/\/api.w.org\/{rel}","templated":true}]}}