{"id":59559,"date":"2023-09-06T18:58:27","date_gmt":"2023-09-06T23:58:27","guid":{"rendered":"http:\/\/www.zonaroja.com.mx\/?p=59559"},"modified":"2023-09-06T18:58:30","modified_gmt":"2023-09-06T23:58:30","slug":"catea-la-fiscalia-oficinas-de-secretaria-de-movilidad-hay-un-detenido","status":"publish","type":"post","link":"https:\/\/zonaroja.com.mx\/?p=59559","title":{"rendered":"Catea la Fiscal\u00eda oficinas de Secretar\u00eda de Movilidad; hay un detenido"},"content":{"rendered":"\n<p>Redacci\u00f3n\/Zona Roja.&nbsp;<\/p>\n\n\n\n<p>Oaxaca de Ju\u00e1rez, Oax., a 6 de septiembre de 2023.-&nbsp; Derivado de diversas denuncias presentadas ante la Fiscal\u00eda General del Estado de Oaxaca (FGEO), as\u00ed como la detenci\u00f3n por el delito de Falsificaci\u00f3n de Documentos de una persona del sexo masculino, identificada como A. Z. M., a trav\u00e9s de la Agencia Estatal de Investigaciones (AEI) se llev\u00f3 a cabo un operativo al interior de las oficinas de la Secretar\u00eda de Movilidad del Gobierno del Estado (Semovi), con total coordinaci\u00f3n de las y los servidores p\u00fablicos de esta instituci\u00f3n.<\/p>\n\n\n\n<p>Luego de un trabajo de inteligencia, la Fiscal\u00eda de Oaxaca logr\u00f3 establecer una l\u00ednea de investigaci\u00f3n respecto a la expedici\u00f3n de licencias de conducir presuntamente falsas, por medio de personas que se ostentan como gestores vehiculares, lo que permiti\u00f3 la detenci\u00f3n de A. Z. M.<\/p>\n\n\n\n<p>Ante ello y dando continuidad a las indagatorias, este mi\u00e9rcoles por la ma\u00f1ana, agentes del Ministerio P\u00fablico, peritos en distintas ramas, as\u00ed como elementos de la AEI, llevaron a cabo un operativo al interior de las oficinas de la Semovi ubicadas en la calle Carlos Gracida n\u00famero 25, Ex Hacienda Candiani, para la b\u00fasqueda de indicios de una probable falsificaci\u00f3n de documentos.<\/p>\n\n\n\n<p>En este marco se logr\u00f3 el aseguramiento de equipo de c\u00f3mputo y documentaci\u00f3n a la que realizar\u00e1n estudios periciales, adem\u00e1s de la presentaci\u00f3n de una persona, lo cual formar\u00e1 parte de las indagatorias por este caso.<\/p>\n\n\n\n<p>La Fiscal\u00eda General del Estado de Oaxaca garantiza la investigaci\u00f3n de conductas contrarias a la ley que lesionan a la sociedad y generan actos de corrupci\u00f3n, por lo que mantendr\u00e1 acciones permanentes de investigaci\u00f3n para detectar y combatir este tipo de delitos.<\/p>\n\n\n\n<figure class=\"wp-block-embed is-type-rich is-provider-twitter wp-block-embed-twitter\"><div class=\"wp-block-embed__wrapper\">\n<div class=\"twitter-tweet\"><blockquote class=\"twitter-tweet\" data-lang=\"es\"><p lang=\"es\" dir=\"ltr\"><a href=\"https:\/\/twitter.com\/hashtag\/%C3%9AltimoMinuto?src=hash&amp;ref_src=twsrc%5Etfw\">#\u00daltimoMinuto<\/a><br>En las instalaciones de la Secretar\u00eda de Movilidad (<a href=\"https:\/\/twitter.com\/SEMOVI_GobOax?ref_src=twsrc%5Etfw\">@SEMOVI_GobOax<\/a>), ubicadas en la zona metropolitana de la capital de <a href=\"https:\/\/twitter.com\/hashtag\/Oaxaca?src=hash&amp;ref_src=twsrc%5Etfw\">#Oaxaca<\/a>, contin\u00faa el cateo por parte del personal policiaco y de la <a href=\"https:\/\/twitter.com\/FISCALIA_GobOax?ref_src=twsrc%5Etfw\">@FISCALIA_GobOax<\/a>.<br> Hay varias detenciones por probables actos de corrupci\u00f3n;\u2026 <a href=\"https:\/\/t.co\/KLUGqUHL72\">pic.twitter.com\/KLUGqUHL72<\/a><\/p>&mdash; Zona Roja Oaxaca (@ZonaRoja_Oaxaca) <a href=\"https:\/\/twitter.com\/ZonaRoja_Oaxaca\/status\/1699510166272495768?ref_src=twsrc%5Etfw\">6 de septiembre de 2023<\/a><\/blockquote><\/div>\n<\/div><\/figure>\n","protected":false},"excerpt":{"rendered":"<p>Redacci\u00f3n\/Zona Roja.&nbsp; Oaxaca de Ju\u00e1rez, Oax., a 6 de septiembre de 2023.-&nbsp; Derivado de diversas&hellip;<\/p>\n","protected":false},"author":2,"featured_media":59560,"comment_status":"closed","ping_status":"open","sticky":false,"template":"","format":"standard","meta":{"_lmt_disableupdate":"","_lmt_disable":"","_jetpack_memberships_contains_paid_content":false,"footnotes":""},"categories":[109,46],"tags":[494],"class_list":["post-59559","post","type-post","status-publish","format-standard","has-post-thumbnail","hentry","category-minuto-a-minuto","category-zona-blanca","tag-fiscalia-general-del-estado-de-oaxaca"],"jetpack_featured_media_url":"https:\/\/zonaroja.com.mx\/wp-content\/uploads\/2023\/09\/Detenido-Fiscalia-caso-Semovi.jpg","jetpack_sharing_enabled":true,"_links":{"self":[{"href":"https:\/\/zonaroja.com.mx\/index.php?rest_route=\/wp\/v2\/posts\/59559","targetHints":{"allow":["GET"]}}],"collection":[{"href":"https:\/\/zonaroja.com.mx\/index.php?rest_route=\/wp\/v2\/posts"}],"about":[{"href":"https:\/\/zonaroja.com.mx\/index.php?rest_route=\/wp\/v2\/types\/post"}],"author":[{"embeddable":true,"href":"https:\/\/zonaroja.com.mx\/index.php?rest_route=\/wp\/v2\/users\/2"}],"replies":[{"embeddable":true,"href":"https:\/\/zonaroja.com.mx\/index.php?rest_route=%2Fwp%2Fv2%2Fcomments&post=59559"}],"version-history":[{"count":1,"href":"https:\/\/zonaroja.com.mx\/index.php?rest_route=\/wp\/v2\/posts\/59559\/revisions"}],"predecessor-version":[{"id":59561,"href":"https:\/\/zonaroja.com.mx\/index.php?rest_route=\/wp\/v2\/posts\/59559\/revisions\/59561"}],"wp:featuredmedia":[{"embeddable":true,"href":"https:\/\/zonaroja.com.mx\/index.php?rest_route=\/wp\/v2\/media\/59560"}],"wp:attachment":[{"href":"https:\/\/zonaroja.com.mx\/index.php?rest_route=%2Fwp%2Fv2%2Fmedia&parent=59559"}],"wp:term":[{"taxonomy":"category","embeddable":true,"href":"https:\/\/zonaroja.com.mx\/index.php?rest_route=%2Fwp%2Fv2%2Fcategories&post=59559"},{"taxonomy":"post_tag","embeddable":true,"href":"https:\/\/zonaroja.com.mx\/index.php?rest_route=%2Fwp%2Fv2%2Ftags&post=59559"}],"curies":[{"name":"wp","href":"https:\/\/api.w.org\/{rel}","templated":true}]}}