{"id":5956,"date":"2019-11-21T22:30:28","date_gmt":"2019-11-22T04:30:28","guid":{"rendered":"http:\/\/www.zonaroja.com.mx\/?p=5956"},"modified":"2019-11-21T22:30:46","modified_gmt":"2019-11-22T04:30:46","slug":"la-apo-y-el-congreso-de-oaxaca-rinden-homenaje-a-ricardo-flores-magon","status":"publish","type":"post","link":"https:\/\/zonaroja.com.mx\/?p=5956","title":{"rendered":"La APO y el Congreso de Oaxaca rinden homenaje a Ricardo Flores Mag\u00f3n"},"content":{"rendered":"\n<p>Redacci\u00f3n\/Zona Roja.<\/p>\n\n\n\n<p>Oaxaca de Ju\u00e1rez, Oax., 21 de noviembre\nde 2019.- La Asociaci\u00f3n de Periodistas de Oaxaca (APO) y el Congreso local\nrepresentado por el presidente de la Junta de Coordinaci\u00f3n Pol\u00edtica (Jucopo)\ndel Congreso del Estado de Oaxaca, Horacio Sosa Villavicencio, rindieron hoy un\nhomenaje al ilustre Ricardo Flores Mag\u00f3n, a 97 a\u00f1os de su fallecimiento.<\/p>\n\n\n\n<p>En el acto efectuado en busto del\noriundo de Eloxochitl\u00e1n de Flores Mag\u00f3n, en la parte posterior de la sede de la\nCasa de la Cultura, el diputado por el Partido Morena reiter\u00f3 su compromiso con\nlos periodistas oaxaque\u00f1os de propiciar que la 64 Legislatura sea un Congreso\nde puertas abiertas cercano al pueblo.<\/p>\n\n\n\n<p>Durante su participaci\u00f3n en el homenaje\nluctuoso del periodista pol\u00edtico y combatiente de la dictadura porfirista,\nRicardo Flores Mag\u00f3n, organizado por la APO, extern\u00f3 tambi\u00e9n su inter\u00e9s por\nimplementar acciones conjuntas en aras de la profesionalizaci\u00f3n del gremio.<\/p>\n\n\n\n<p>El legislador reconoci\u00f3 la labor de los periodistas y apunt\u00f3 que juegan un papel muy importante en la vida pol\u00edtica y el desarrollo de Oaxaca, que representan dignamente los ideales de Ricardo Flores Mag\u00f3n, \u201cHablar de los hermanos Flores Mag\u00f3n, es hablar de Oaxaca, siempre nos recuerda\u201d expres\u00f3.<\/p>\n\n\n\n<figure class=\"wp-block-embed-twitter wp-block-embed is-type-rich is-provider-twitter\"><div class=\"wp-block-embed__wrapper\">\n<div class=\"twitter-tweet\"><blockquote class=\"twitter-tweet\" data-lang=\"es\"><p lang=\"es\" dir=\"ltr\">A invitaci\u00f3n de la <a href=\"https:\/\/twitter.com\/apooax40?ref_src=twsrc%5Etfw\">@apooax40<\/a>, que dirige, entre otros, <a href=\"https:\/\/twitter.com\/Gsumano2?ref_src=twsrc%5Etfw\">@Gsumano2<\/a>, el presidente de la Junta de Coordinaci\u00f3n Pol\u00edtica del <a href=\"https:\/\/twitter.com\/CongresoOaxLXIV?ref_src=twsrc%5Etfw\">@CongresoOaxLXIV<\/a>, <a href=\"https:\/\/twitter.com\/HoracioSosaOax?ref_src=twsrc%5Etfw\">@HoracioSosaOax<\/a>, acudi\u00f3 a la ceremonia de homenaje al ilustre Ricardo Flores Mag\u00f3n, en su 97 aniversario luctuoso. <a href=\"https:\/\/t.co\/oWUKu9u5uK\">pic.twitter.com\/oWUKu9u5uK<\/a><\/p>&mdash; Zona Roja Oaxaca (@MexRoja) <a href=\"https:\/\/twitter.com\/MexRoja\/status\/1197722556997849088?ref_src=twsrc%5Etfw\">22 de noviembre de 2019<\/a><\/blockquote><\/div>\n<\/div><\/figure>\n\n\n\n<p>Horacio Sosa refiri\u00f3 que Ricardo Flores\nMag\u00f3n, inspir\u00f3 el proyecto del peri\u00f3dico \u201cRegeneraci\u00f3n\u201d, que se difundi\u00f3\ndurante la campa\u00f1a del ahora presidente Andr\u00e9s Manuel L\u00f3pez Obrador, as\u00ed como\nde diputados y senadores.<\/p>\n\n\n\n<p>A su vez, el presidente de la\nAsociaci\u00f3n de Periodistas de Oaxaca A.C (APO), Antonio Guti\u00e9rrez Sumano,\nreconoci\u00f3 a Horacio Sosa como un aliado, para los periodistas en el \u00e1nimo de\nmantener las tribunas tanto oficiales como p\u00fablicas abiertas.<\/p>\n\n\n\n<p>En tanto el tambi\u00e9n integrante de la\nAPO, Cuauht\u00e9moc Blas L\u00f3pez record\u00f3 que Ricardo Flores Mag\u00f3n, inici\u00f3 su\nperi\u00f3dico \u201cRegeneraci\u00f3n\u201d, como un espacio de cr\u00edtica pol\u00edtica, que recib\u00eda las\nacusaciones de las injusticias de la burocracia encargada de la aplicaci\u00f3n de\nla ley en el pa\u00eds, destac\u00f3 las distintas facetas y contextos en los que se\ndesarroll\u00f3 y la importancia de retomar los ideales del mismo en la sociedad\nactual.<\/p>\n\n\n\n<p>El homenaje a Ricardo Flores Mag\u00f3n, fue\norganizado por la Asociaci\u00f3n de Periodistas de Oaxaca A.C, tuvo lugar en la\nplazuela de la Libertad de Expresi\u00f3n, ubicada en la esquina de las calles de\nRay\u00f3n y Santos Degollado, en el Centro de la Ciudad de Oaxaca.<\/p>\n\n\n\n<p>Tambi\u00e9n estuvieron presentes el\nDirector de Comunicaci\u00f3n Social del Congreso, Francisco Javier S\u00e1nchez\nHern\u00e1ndez, as\u00ed como Rigoberto Alc\u00e1ntara, Yuri N\u00e9stor S\u00e1nchez, Antonio\nHern\u00e1ndez, Mario Medina, Ismael Garc\u00eda y Alejandro L\u00f3pez entre otros.<\/p>\n","protected":false},"excerpt":{"rendered":"<p>Redacci\u00f3n\/Zona Roja. Oaxaca de Ju\u00e1rez, Oax., 21 de noviembre de 2019.- La Asociaci\u00f3n de Periodistas&hellip;<\/p>\n","protected":false},"author":2,"featured_media":5957,"comment_status":"closed","ping_status":"open","sticky":false,"template":"","format":"standard","meta":{"_lmt_disableupdate":"","_lmt_disable":"","_jetpack_memberships_contains_paid_content":false,"footnotes":""},"categories":[109,46],"tags":[1041,444],"class_list":["post-5956","post","type-post","status-publish","format-standard","has-post-thumbnail","hentry","category-minuto-a-minuto","category-zona-blanca","tag-asociacion-de-periodistas-de-oaxaca-apo","tag-horacio-sosa-villavicencio"],"jetpack_featured_media_url":"https:\/\/zonaroja.com.mx\/wp-content\/uploads\/2019\/11\/Homenaje-APO.jpg","jetpack_sharing_enabled":true,"_links":{"self":[{"href":"https:\/\/zonaroja.com.mx\/index.php?rest_route=\/wp\/v2\/posts\/5956","targetHints":{"allow":["GET"]}}],"collection":[{"href":"https:\/\/zonaroja.com.mx\/index.php?rest_route=\/wp\/v2\/posts"}],"about":[{"href":"https:\/\/zonaroja.com.mx\/index.php?rest_route=\/wp\/v2\/types\/post"}],"author":[{"embeddable":true,"href":"https:\/\/zonaroja.com.mx\/index.php?rest_route=\/wp\/v2\/users\/2"}],"replies":[{"embeddable":true,"href":"https:\/\/zonaroja.com.mx\/index.php?rest_route=%2Fwp%2Fv2%2Fcomments&post=5956"}],"version-history":[{"count":1,"href":"https:\/\/zonaroja.com.mx\/index.php?rest_route=\/wp\/v2\/posts\/5956\/revisions"}],"predecessor-version":[{"id":5958,"href":"https:\/\/zonaroja.com.mx\/index.php?rest_route=\/wp\/v2\/posts\/5956\/revisions\/5958"}],"wp:featuredmedia":[{"embeddable":true,"href":"https:\/\/zonaroja.com.mx\/index.php?rest_route=\/wp\/v2\/media\/5957"}],"wp:attachment":[{"href":"https:\/\/zonaroja.com.mx\/index.php?rest_route=%2Fwp%2Fv2%2Fmedia&parent=5956"}],"wp:term":[{"taxonomy":"category","embeddable":true,"href":"https:\/\/zonaroja.com.mx\/index.php?rest_route=%2Fwp%2Fv2%2Fcategories&post=5956"},{"taxonomy":"post_tag","embeddable":true,"href":"https:\/\/zonaroja.com.mx\/index.php?rest_route=%2Fwp%2Fv2%2Ftags&post=5956"}],"curies":[{"name":"wp","href":"https:\/\/api.w.org\/{rel}","templated":true}]}}