{"id":59564,"date":"2023-09-06T19:21:18","date_gmt":"2023-09-07T00:21:18","guid":{"rendered":"http:\/\/www.zonaroja.com.mx\/?p=59564"},"modified":"2023-09-06T19:21:23","modified_gmt":"2023-09-07T00:21:23","slug":"denuncian-a-hermano-de-adelfo-refino-titular-del-inpi-de-acoso-sexual-yuridiana-sosa-zona-roja","status":"publish","type":"post","link":"https:\/\/zonaroja.com.mx\/?p=59564","title":{"rendered":"Denuncian a hermano de Adelfo Refino, titular del INPI, de acoso sexual Yuridiana Sosa\/Zona Roja."},"content":{"rendered":"\n<p>Oaxaca de Ju\u00e1rez, Oax., a 6 de septiembre de 2023.- Luego de m\u00e1s de dos a\u00f1os de ser v\u00edctima de acoso sexual y ser ignorada por diversas autoridades para hacer justicia, Adriana Hern\u00e1ndez V\u00e1squez denunci\u00f3 p\u00fablicamente los actos denigrantes por parte de Francisco Regino Montes, hermano del titular del Instituto Nacional de los Pueblos Ind\u00edgenas (INPI).<\/p>\n\n\n\n<p>Cobijado en el cargo pol\u00edtico de su hermano, Francisco Regino se involucra en actividades del INPI sin que funja un cargo oficial, por lo que, ante la denuncia de Hern\u00e1ndez V\u00e1squez, ex trabajadora del Instituto, diversos funcionarios estatales han referido que el agresor no puede ser sancionado, as\u00ed como imposible una mesa de di\u00e1logo con Adelfo Regino por este asunto.<\/p>\n\n\n\n<p>En conferencia de prensa, desde el z\u00f3calo de la capital, la v\u00edctima se\u00f1al\u00f3 que Francisco Regino, quien funge como operador pol\u00edtico y electoral, tambi\u00e9n ha estado involucrado en grupos de WhatsApp, en los que se violenta, se sexualiza y se denigra a las mujeres ind\u00edgena.<\/p>\n\n\n\n<p>En dicho chat figuran funcionarios de Morena del orden estatal y federales; uno de estos grupos fue el nombrado \u201cQu\u00e9dense en casa\u201d, creado por \u00e9l, asegur\u00f3 Adriana, quien fue integrada sin su consentimiento por Francisco Regino.<\/p>\n\n\n\n<p>Los HECHOS<\/p>\n\n\n\n<p>Adriana Hern\u00e1ndez, cuya trayectoria laboral incluye la docencia, ser promotora cultural y comunitaria, as\u00ed como ex candidata a la presidencia y diputaci\u00f3n federal por Ocotl\u00e1n, indic\u00f3 que en noviembre de 2018 fue invitada por Adelfo Regino para colaborar en el INPI, al que dej\u00f3 de pertenecer en diciembre de 2022.<\/p>\n\n\n\n<p>Su incorporaci\u00f3n se formaliz\u00f3 hasta febrero de 2020 en el Centro Coordinador de los Pueblos Ind\u00edgenas de Tlacolula y fue a partir de enero de 2021 que el acoso comenz\u00f3 por parte de Francisco Regino v\u00eda whatsapp.<\/p>\n\n\n\n<p>Regino Montes trat\u00f3 de justificar la acci\u00f3n con estar en estado de ebriedad, por lo que pidi\u00f3 a su v\u00edctima borrar sus mensajes. Pero Adriana realiz\u00f3 captura de pantalla.<\/p>\n\n\n\n<p>En marzo de 2021, con la excusa que podr\u00eda ser ascendida directora del Centro de Tlacolula, por conflictos con el entonces encargado, Francisco Regino vuelve a tener comunicaci\u00f3n con Adriana para pedirle su documentaci\u00f3n en archivos digitales, pero vuelven las insinuaciones sexuales.<\/p>\n\n\n\n<p>Dos d\u00edas despu\u00e9s, la cit\u00f3 en el restaurante de un hotel para que le entregara supuestamente la documentaci\u00f3n en f\u00edsico, pero Regino Montes ten\u00eda otras intenciones.<\/p>\n\n\n\n<p>\u201cEsta vez me env\u00eda mensajes diciendo que \u201cno me cotice\u201d y que debo tomar wiski o mezcal con la otra chica (que se encontraba en el lugar) a lo que me negu\u00e9. En sus mensajes me dice que conviva con ella y que \u00e9l se va a encargar de contratar chicos sexoservidores para irnos todos a su habitaci\u00f3n, que yo tengo que convencer a la chica y que \u00e9l tiene que ser espectador\u201d, relat\u00f3 la v\u00edctima.<\/p>\n\n\n\n<p>\u201cDe esos actos depende mi permanencia en el INPI, nuevamente me niego y abandono el lugar. Despu\u00e9s de eso me vuelve a llamar ofreciendo disculpas y pidi\u00e9ndome que est\u00e9 pendiente porque es probable que me llamen de Oficinas Centrales y que tenga que ir para ver lo del nombramiento\u201d, agreg\u00f3.<\/p>\n\n\n\n<p>Pero el acoso continu\u00f3 y en agosto de 2021 Francisco se vuelve a comunicar con ella y ahora la cita en el departamento de Adelfo Regino Montes, ubicado en la Agencia de Donaj\u00ed en la Ciudad de Oaxaca, para supuestamente aclarar la situaci\u00f3n laboral de Adriana.<\/p>\n\n\n\n<figure class=\"wp-block-embed\"><div class=\"wp-block-embed__wrapper\">\n<div class=\"twitter-tweet\"><blockquote class=\"twitter-tweet\" data-lang=\"es\"><p lang=\"es\" dir=\"ltr\"><a href=\"https:\/\/twitter.com\/hashtag\/ENVIVO?src=hash&amp;ref_src=twsrc%5Etfw\">#ENVIVO<\/a><br>Oaxaca de Ju\u00e1rez, Oax., a 6 de septiembre de 2023.- Conferencia de prensa de la asociaci\u00f3n civil Consorcio Oaxaca, para denunciar otro caso de acoso sexual, ahora por parte de Francisco R. M. (<a href=\"https:\/\/twitter.com\/pacoayuuk19?ref_src=twsrc%5Etfw\">@pacoayuuk19<\/a>), hermano de <a href=\"https:\/\/twitter.com\/DEELAYUUK?ref_src=twsrc%5Etfw\">@DEELAYUUK<\/a>, titular del <a href=\"https:\/\/twitter.com\/INPImx?ref_src=twsrc%5Etfw\">@INPImx<\/a>.<br>Transmisi\u00f3n \ud83d\udc47\u2026 <a href=\"https:\/\/t.co\/YtTIGkziSs\">pic.twitter.com\/YtTIGkziSs<\/a><\/p>&mdash; Zona Roja Oaxaca (@ZonaRoja_Oaxaca) <a href=\"https:\/\/twitter.com\/ZonaRoja_Oaxaca\/status\/1699480746992492826?ref_src=twsrc%5Etfw\">6 de septiembre de 2023<\/a><\/blockquote><\/div>\n<\/div><\/figure>\n\n\n\n<p>En el lugar \u00e9l \u201cme ofrece un consolador de pl\u00e1stico, lubricantes y me pide que los use mientras el observa, le dije que no y que necesitaba ayuda profesional\u201d, revel\u00f3 la v\u00edctima, quien le dej\u00f3 en claro que no era necesario seguir con el proceso para su ascenso.<\/p>\n\n\n\n<p>Y tras el nombramiento de un nuevo director en el Centro de Tlacolula, ella empez\u00f3 a sufrir de un trato denigrante en su centro de trabajo y limitan sus actividades a sacar copias y escanear documentos.<\/p>\n\n\n\n<p>BUSCA AYUDA<\/p>\n\n\n\n<p>Ese mismo mes de diciembre comenz\u00f3 a buscar al titular del INPI, Adelfo Regino, para que interviniera, por lo que le env\u00eda un correo institucional en el que incluy\u00f3 las capturas de pantalla de los mensajes de Francisco.<\/p>\n\n\n\n<p>El hecho represent\u00f3 amenazas por parte de su victimario, quien reclam\u00f3 la queja y pidi\u00f3 borrar las im\u00e1genes de sus textos o de lo contrario se arrepentir\u00eda.<\/p>\n\n\n\n<p>Para obtener ayuda y justicia recurri\u00f3 a diversos funcionarios. Con el Titular de la Oficina de Representaci\u00f3n del INPI en Oaxaca, Jer\u00f3nimo L\u00f3pez Mar\u00edn, de quien solo obtuvo la promesa de ayudarla, pero nunca se cumpli\u00f3.<\/p>\n\n\n\n<p>En febrero del 2023 nuevamente lo busc\u00f3 para pedirle que intervenga para hablar con Adelfo Regino, pero la respuesta, un mes despu\u00e9s, fue que \u201ces imposible que yo hable con Adelfo Regino y que duda que se pueda hacer algo, puesto que Francisco Regino no tiene relaci\u00f3n con el INPI y que yo ya no soy colaboradora del INPI\u201d.<\/p>\n\n\n\n<p>As\u00ed tambi\u00e9n ocurri\u00f3 con la diputada Irma Juan Carlos, quien desde enero solo pidi\u00f3 tiempo para comunicarse con Adelfo Regino. Y con el Coordinador General de Derechos Ind\u00edgenas del INPI, Hugo Aguilar, con quien se reuni\u00f3 en mayo de este a\u00f1o.<\/p>\n\n\n\n<p>E incluso, antes, en noviembre del a\u00f1o 2022, se reuni\u00f3 con el Fiscal General del Estado, Arturo Paimbert Calvo, quien prometi\u00f3 que \u00e9l platicar\u00eda personalmente con Adelfo Regino para lograr, pero no cumpli\u00f3 y fue destituido.<\/p>\n\n\n\n<p>EXIGENCIAS<\/p>\n\n\n\n<p>Con el respaldo de Consorcio Oaxaca, Adriana Hern\u00e1ndez V\u00e1squez, exigi\u00f3 al gobierno federal atenci\u00f3n a este caso y otros en los que funcionarios est\u00e1n involucrados en violencia contra las mujeres ind\u00edgenas.<\/p>\n\n\n\n<p>Aunque su hermano no es parte de la estructura oficial, demandaron a Adelfo Regino poner un alto a la violencia de Francisco, pues hasta el momento se ha vuelto c\u00f3mplice de sus actos.<\/p>\n\n\n\n<p>Consorcio Oaxaca y Adriana exigieron a la Fiscal\u00eda de Oaxaca realice las investigaciones del caso denunciado oficialmente, as\u00ed como el de Aracely Cruz contra Donato Vargas, para que no haya impunidad en los casos donde est\u00e1n involucrados funcionarios y operadores pol\u00edticos.<\/p>\n\n\n\n<p>\u201cNo se puede hablar de transformaci\u00f3n en tanto se tolere, solape, justifique o legitime la violencia contra las mujeres\u201d, se\u00f1al\u00f3 la v\u00edctima.<\/p>\n\n\n\n<p>La defensora de los derechos y abogada, Yesica S\u00e1nchez Maya, apunt\u00f3 que este caso vuelve a demostrar el cobijo y abuso del poder pol\u00edtico sobre los agresores de mujeres.<\/p>\n","protected":false},"excerpt":{"rendered":"<p>Oaxaca de Ju\u00e1rez, Oax., a 6 de septiembre de 2023.- Luego de m\u00e1s de dos&hellip;<\/p>\n","protected":false},"author":2,"featured_media":59565,"comment_status":"closed","ping_status":"open","sticky":false,"template":"","format":"standard","meta":{"_lmt_disableupdate":"","_lmt_disable":"","_jetpack_memberships_contains_paid_content":false,"footnotes":""},"categories":[109,47],"tags":[],"class_list":["post-59564","post","type-post","status-publish","format-standard","has-post-thumbnail","hentry","category-minuto-a-minuto","category-zona-gris"],"jetpack_featured_media_url":"https:\/\/zonaroja.com.mx\/wp-content\/uploads\/2023\/09\/Adriana-Hernandez-vasquez-denuncia.jpg","jetpack_sharing_enabled":true,"_links":{"self":[{"href":"https:\/\/zonaroja.com.mx\/index.php?rest_route=\/wp\/v2\/posts\/59564","targetHints":{"allow":["GET"]}}],"collection":[{"href":"https:\/\/zonaroja.com.mx\/index.php?rest_route=\/wp\/v2\/posts"}],"about":[{"href":"https:\/\/zonaroja.com.mx\/index.php?rest_route=\/wp\/v2\/types\/post"}],"author":[{"embeddable":true,"href":"https:\/\/zonaroja.com.mx\/index.php?rest_route=\/wp\/v2\/users\/2"}],"replies":[{"embeddable":true,"href":"https:\/\/zonaroja.com.mx\/index.php?rest_route=%2Fwp%2Fv2%2Fcomments&post=59564"}],"version-history":[{"count":1,"href":"https:\/\/zonaroja.com.mx\/index.php?rest_route=\/wp\/v2\/posts\/59564\/revisions"}],"predecessor-version":[{"id":59566,"href":"https:\/\/zonaroja.com.mx\/index.php?rest_route=\/wp\/v2\/posts\/59564\/revisions\/59566"}],"wp:featuredmedia":[{"embeddable":true,"href":"https:\/\/zonaroja.com.mx\/index.php?rest_route=\/wp\/v2\/media\/59565"}],"wp:attachment":[{"href":"https:\/\/zonaroja.com.mx\/index.php?rest_route=%2Fwp%2Fv2%2Fmedia&parent=59564"}],"wp:term":[{"taxonomy":"category","embeddable":true,"href":"https:\/\/zonaroja.com.mx\/index.php?rest_route=%2Fwp%2Fv2%2Fcategories&post=59564"},{"taxonomy":"post_tag","embeddable":true,"href":"https:\/\/zonaroja.com.mx\/index.php?rest_route=%2Fwp%2Fv2%2Ftags&post=59564"}],"curies":[{"name":"wp","href":"https:\/\/api.w.org\/{rel}","templated":true}]}}