{"id":59571,"date":"2023-09-06T22:35:59","date_gmt":"2023-09-07T03:35:59","guid":{"rendered":"http:\/\/www.zonaroja.com.mx\/?p=59571"},"modified":"2023-09-06T22:36:01","modified_gmt":"2023-09-07T03:36:01","slug":"denuncian-a-diputados-de-omision-a-iniciativa-para-victimas-de-violencia-del-estado","status":"publish","type":"post","link":"https:\/\/zonaroja.com.mx\/?p=59571","title":{"rendered":"Denuncian a diputados de omisi\u00f3n a iniciativa para v\u00edctimas de violencia del Estado"},"content":{"rendered":"\n<p>Yuridiana Sosa\/Zona Roja.<\/p>\n\n\n\n<p>Oaxaca de Ju\u00e1rez, Oax., a 6 de septiembre de 2023.- Organizaciones sociales en apoyo a v\u00edctimas de hechos violentos por parte del Estado, se manifestaron frente al Congreso de Oaxaca para denunciar el desinter\u00e9s de integrantes de la Comisi\u00f3n de Administraci\u00f3n y Procuraci\u00f3n Justicia a fin de aprobar una iniciativa a favor de la protecci\u00f3n a v\u00edctimas.<\/p>\n\n\n\n<p>Desde temprana hora, integrantes de la Red Estatal de V\u00edctimas \u201cTom\u00e1s Mart\u00ednez\u201d, y del Comit\u00e9 de V\u00edctimas por Justicia y Verdad \u201c19 de Junio\u201d Nochixtl\u00e1n se apoderaron de la sede del Congreso local, en San Raymundo Jalpan, para tratar de impedir la sesi\u00f3n ordinaria para este mi\u00e9rcoles para demostrar su repudio a las determinaciones de algunos diputados.<\/p>\n\n\n\n<p>El presidente de la Comisi\u00f3n de Justicia de Nochixtl\u00e1n, Santiago Ambrosio Hern\u00e1ndez, apunt\u00f3 que desde hace varias semanas se present\u00f3 una iniciativa de ley ciudadana a favor de las v\u00edctimas de hechos violentos y en los que est\u00e1n involucrados los gobiernos.<\/p>\n\n\n\n<p>Con dicha ley se dar\u00eda cumplimiento a la recomendaci\u00f3n emitida por la Comisi\u00f3n Nacional de Derechos Humanos en 2017, tras el desalojo violento de parte de fuerzas federales y estatales, el cual dej\u00f3 a varias personas muertas y heridas en Asunci\u00f3n Nochixtl\u00e1n.<\/p>\n\n\n\n<p>Pero pese a haber cumplido de forma puntual con los requisitos y resarcido las observaciones emitidas, no se cumplieron con las firmas requeridas por parte de la Comisi\u00f3n de Administraci\u00f3n y Procuraci\u00f3n Justicia para que el dictamen pudiera pasar a primera lectura.<\/p>\n\n\n\n<p>Las organizaciones acusaron que de la comisi\u00f3n integrada por Lizzet Arroyo Rodr\u00edguez, No\u00e9 Doroteo Castillejos, Nancy Natalia Ben\u00edtez Z\u00e1rate, Hayde\u00e9 Irma Reyes Soto y Mar\u00eda Luisa Matus Fuentes, s\u00f3lo firmaron Arroyo Rodr\u00edguez y Doroteo Castillejos; mientras que de la que tienen certeza que no, fue Matus Fuentes.<\/p>\n\n\n\n<p>Por lo que exigieron una mesa de trabajo para que los integrantes de esta comisi\u00f3n expliquen el motivo de no firmar esta iniciativa, para la cual se realizaron cinco foros ciudadanos, y en lo que estuvieron presentes representantes de la Coordinaci\u00f3n para la Atenci\u00f3n de los Derechos Humanos de Oaxaca, Fiscal\u00eda General de Oaxaca y la Secretar\u00eda de Gobierno.<\/p>\n\n\n\n<p>El plazo para las firmas venci\u00f3 ayer, y previo a la hora de vencimiento la Comisi\u00f3n hab\u00eda prometido que s\u00ed formar\u00eda, pero no cumplieron, por lo que creen que frenar esta ley se trata de un asunto pol\u00edtico.<\/p>\n\n\n\n<p>Pese a la protesta, la sesi\u00f3n del Congreso de Oaxaca se llev\u00f3 a cabo de manera virtual.\u00a0<\/p>\n\n\n\n<figure class=\"wp-block-embed is-type-rich is-provider-twitter wp-block-embed-twitter\"><div class=\"wp-block-embed__wrapper\">\n<div class=\"twitter-tweet\"><blockquote class=\"twitter-tweet\" data-lang=\"es\"><p lang=\"es\" dir=\"ltr\">Esta fue la denuncia que hicieron organizaciones sociales aglutinadas en la Red Estatal de V\u00edctimas \u201cTom\u00e1s Mart\u00ednez\u201d, respecto a la negativa de la Comisi\u00f3n de Administraci\u00f3n y Procuraci\u00f3n de Justicia, que preside la diputada <a href=\"https:\/\/twitter.com\/lizarroyo4t?ref_src=twsrc%5Etfw\">@lizarroyo4t<\/a>, de aprobar un dictamen sobre la\u2026 <a href=\"https:\/\/t.co\/Z4NSWf6DHb\">pic.twitter.com\/Z4NSWf6DHb<\/a><\/p>&mdash; Zona Roja Oaxaca (@ZonaRoja_Oaxaca) <a href=\"https:\/\/twitter.com\/ZonaRoja_Oaxaca\/status\/1699587747671855116?ref_src=twsrc%5Etfw\">7 de septiembre de 2023<\/a><\/blockquote><\/div>\n<\/div><\/figure>\n","protected":false},"excerpt":{"rendered":"<p>Yuridiana Sosa\/Zona Roja. Oaxaca de Ju\u00e1rez, Oax., a 6 de septiembre de 2023.- Organizaciones sociales&hellip;<\/p>\n","protected":false},"author":2,"featured_media":59572,"comment_status":"closed","ping_status":"open","sticky":false,"template":"","format":"standard","meta":{"_lmt_disableupdate":"","_lmt_disable":"","_jetpack_memberships_contains_paid_content":false,"footnotes":""},"categories":[109,47],"tags":[3331],"class_list":["post-59571","post","type-post","status-publish","format-standard","has-post-thumbnail","hentry","category-minuto-a-minuto","category-zona-gris","tag-red-estatal-de-victimas-tomas-martinez"],"jetpack_featured_media_url":"https:\/\/zonaroja.com.mx\/wp-content\/uploads\/2023\/09\/Protesta-organizaciones-sociales-Congreso-Oaxaca.jpeg","jetpack_sharing_enabled":true,"_links":{"self":[{"href":"https:\/\/zonaroja.com.mx\/index.php?rest_route=\/wp\/v2\/posts\/59571","targetHints":{"allow":["GET"]}}],"collection":[{"href":"https:\/\/zonaroja.com.mx\/index.php?rest_route=\/wp\/v2\/posts"}],"about":[{"href":"https:\/\/zonaroja.com.mx\/index.php?rest_route=\/wp\/v2\/types\/post"}],"author":[{"embeddable":true,"href":"https:\/\/zonaroja.com.mx\/index.php?rest_route=\/wp\/v2\/users\/2"}],"replies":[{"embeddable":true,"href":"https:\/\/zonaroja.com.mx\/index.php?rest_route=%2Fwp%2Fv2%2Fcomments&post=59571"}],"version-history":[{"count":1,"href":"https:\/\/zonaroja.com.mx\/index.php?rest_route=\/wp\/v2\/posts\/59571\/revisions"}],"predecessor-version":[{"id":59573,"href":"https:\/\/zonaroja.com.mx\/index.php?rest_route=\/wp\/v2\/posts\/59571\/revisions\/59573"}],"wp:featuredmedia":[{"embeddable":true,"href":"https:\/\/zonaroja.com.mx\/index.php?rest_route=\/wp\/v2\/media\/59572"}],"wp:attachment":[{"href":"https:\/\/zonaroja.com.mx\/index.php?rest_route=%2Fwp%2Fv2%2Fmedia&parent=59571"}],"wp:term":[{"taxonomy":"category","embeddable":true,"href":"https:\/\/zonaroja.com.mx\/index.php?rest_route=%2Fwp%2Fv2%2Fcategories&post=59571"},{"taxonomy":"post_tag","embeddable":true,"href":"https:\/\/zonaroja.com.mx\/index.php?rest_route=%2Fwp%2Fv2%2Ftags&post=59571"}],"curies":[{"name":"wp","href":"https:\/\/api.w.org\/{rel}","templated":true}]}}