{"id":59574,"date":"2023-09-06T23:31:43","date_gmt":"2023-09-07T04:31:43","guid":{"rendered":"http:\/\/www.zonaroja.com.mx\/?p=59574"},"modified":"2023-09-06T23:31:44","modified_gmt":"2023-09-07T04:31:44","slug":"eran-profesores-de-la-s-22-y-militantes-del-mult-los-asesinados-en-la-mixteca","status":"publish","type":"post","link":"https:\/\/zonaroja.com.mx\/?p=59574","title":{"rendered":"Eran profesores de la S-22 y militantes del MULT, los asesinados en la Mixteca"},"content":{"rendered":"\n<p>Ismael Garc\u00eda M.\/Zona Roja.<\/p>\n\n\n\n<p>Oaxaca de Ju\u00e1rez, Oax.,a 6 de septiembre de 2023.- Las dos personas asesinadas ayer a balazos en el municipio de Mesones Hidalgo, en la regi\u00f3n Mixteca de Oaxaca, eran profesores afiliados a la Secci\u00f3n 22 del SNTE y militantes del Movimiento de Unificaci\u00f3n y Lucha Triqui.<\/p>\n\n\n\n<p>Las v\u00edctimas fueron identificadas como Jorge Q. C., de 62 a\u00f1os de edad, originario de San Miguel Copala, Juxtlahuaca, y se desempe\u00f1aba como profesor de preescolar en el municipio de San Mart\u00edn Itunyoso.<\/p>\n\n\n\n<p>Asimismo, Margarita F. S., de 57 a\u00f1os de edad, originaria de Santa Mar\u00eda La Lima, Mesones Hidalgo, y profesora jubilada; ambos eran pareja y viv\u00edan en uni\u00f3n libre.<\/p>\n\n\n\n<p>Los cuerpos sin vida fueron localizados ayer en el paraje \u201cBarranca del Zancudo\u201d de la localidad de Santa Mar\u00eda La Lima y presentaban varios impactos de escopeta.<\/p>\n\n\n\n<p>La Fiscal\u00eda General del Estado de Oaxaca contin\u00faa con las indagatorias con la finalidad de dar con el o los responsables del doble homicidio.<\/p>\n\n\n\n<p>Por otra parte, este mi\u00e9rcoles fue localizado el cuerpo sin vida del taxista secuestrado ayer en Santa Mar\u00eda Colotepec, municipio de la regi\u00f3n Costa; fue identificado como Jes\u00fas G. J., quien era ruletero de un sitio de Puerto Escondido.<\/p>\n\n\n\n<p>En ese mismo hecho, ayer tambi\u00e9n fue asesinado Ignacio C. Ch., de 34 a\u00f1os de edad, originario de la poblaci\u00f3n de San Andr\u00e9s Copala.<\/p>\n\n\n\n<p>Por otra parte, en el municipio de Santa Mar\u00eda Huazolotitl\u00e1n, regi\u00f3n de la Costa, este mi\u00e9rcoles fue ultimado a balazos un individuo, cuando se trasladaba en motocicleta en la carretera hacia la localidad de Jos\u00e9 Mar\u00eda Morelos.<\/p>\n\n\n\n<p>Al momento no ha sido revelada su identidad y s\u00f3lo se sabe que era originario de Santiago Pinotepa Nacional.<\/p>\n","protected":false},"excerpt":{"rendered":"<p>Ismael Garc\u00eda M.\/Zona Roja. Oaxaca de Ju\u00e1rez, Oax.,a 6 de septiembre de 2023.- Las dos&hellip;<\/p>\n","protected":false},"author":2,"featured_media":59575,"comment_status":"closed","ping_status":"open","sticky":false,"template":"","format":"standard","meta":{"_lmt_disableupdate":"","_lmt_disable":"","_jetpack_memberships_contains_paid_content":false,"footnotes":""},"categories":[109,51],"tags":[2978],"class_list":["post-59574","post","type-post","status-publish","format-standard","has-post-thumbnail","hentry","category-minuto-a-minuto","category-zona-roja","tag-mesones-hidalgo"],"jetpack_featured_media_url":"https:\/\/zonaroja.com.mx\/wp-content\/uploads\/2023\/09\/Asesinado-San-Pedro-Mixtepec.jpg","jetpack_sharing_enabled":true,"_links":{"self":[{"href":"https:\/\/zonaroja.com.mx\/index.php?rest_route=\/wp\/v2\/posts\/59574","targetHints":{"allow":["GET"]}}],"collection":[{"href":"https:\/\/zonaroja.com.mx\/index.php?rest_route=\/wp\/v2\/posts"}],"about":[{"href":"https:\/\/zonaroja.com.mx\/index.php?rest_route=\/wp\/v2\/types\/post"}],"author":[{"embeddable":true,"href":"https:\/\/zonaroja.com.mx\/index.php?rest_route=\/wp\/v2\/users\/2"}],"replies":[{"embeddable":true,"href":"https:\/\/zonaroja.com.mx\/index.php?rest_route=%2Fwp%2Fv2%2Fcomments&post=59574"}],"version-history":[{"count":1,"href":"https:\/\/zonaroja.com.mx\/index.php?rest_route=\/wp\/v2\/posts\/59574\/revisions"}],"predecessor-version":[{"id":59576,"href":"https:\/\/zonaroja.com.mx\/index.php?rest_route=\/wp\/v2\/posts\/59574\/revisions\/59576"}],"wp:featuredmedia":[{"embeddable":true,"href":"https:\/\/zonaroja.com.mx\/index.php?rest_route=\/wp\/v2\/media\/59575"}],"wp:attachment":[{"href":"https:\/\/zonaroja.com.mx\/index.php?rest_route=%2Fwp%2Fv2%2Fmedia&parent=59574"}],"wp:term":[{"taxonomy":"category","embeddable":true,"href":"https:\/\/zonaroja.com.mx\/index.php?rest_route=%2Fwp%2Fv2%2Fcategories&post=59574"},{"taxonomy":"post_tag","embeddable":true,"href":"https:\/\/zonaroja.com.mx\/index.php?rest_route=%2Fwp%2Fv2%2Ftags&post=59574"}],"curies":[{"name":"wp","href":"https:\/\/api.w.org\/{rel}","templated":true}]}}