{"id":59577,"date":"2023-09-07T08:39:53","date_gmt":"2023-09-07T13:39:53","guid":{"rendered":"http:\/\/www.zonaroja.com.mx\/?p=59577"},"modified":"2023-09-07T08:46:08","modified_gmt":"2023-09-07T13:46:08","slug":"historico-tendra-mexico-presidenta-van-tres-virtuales-candidatos","status":"publish","type":"post","link":"https:\/\/zonaroja.com.mx\/?p=59577","title":{"rendered":"Hist\u00f3rico: tendr\u00e1 M\u00e9xico presidenta; van tres virtuales candidatos"},"content":{"rendered":"\n<p>Redacci\u00f3n\/Zona Roja Cdmx.<\/p>\n\n\n\n<p>Ciudad de M\u00e9xico, a 7 de septiembre de 2023.- M\u00e9xico tendr\u00e1 por primera vez una mujer en la Presidencia de la Rep\u00fablica, con la virtual designaci\u00f3n de dos candidatas femeninas en los partidos pol\u00edticos mayoritarios: Claudia Sheinbaum Pardo y X\u00f3chitl G\u00e1lvez Ruiz.<\/p>\n\n\n\n<p>En tanto, sin ninguna posibilidad para ganar y sin seguidores en el pa\u00eds, el ex gobernador de Oaxaca, Ulises Ruiz Ortiz, se registr\u00f3 ayer ante el INE como aspirante presidencial independiente.<\/p>\n\n\n\n<p>Ayer por la noche, en un lujoso hotel de la Ciudad de M\u00e9xico, el Consejo Nacional y la dirigencia nacional del Partido Morena dieron a conocer las encuestas para elegir como \u201ccoordinadora de los comit\u00e9s de defensa de la 4T\u201d, lo que significa la virtual postulada a suceder a Andr\u00e9s Manuel L\u00f3pez Obrador.<\/p>\n\n\n\n<p>El acto se desarroll\u00f3 en medio de inconformidades y acusaciones del aspirante Marcelo Ebrard Casaub\u00f3n, quien acus\u00f3 en reiteradas ocasiones fraude en los sondeos y ayer no se present\u00f3 en la lectura de los resultados.<\/p>\n\n\n\n<p>En conferencia de prensa anoche, Morena precis\u00f3 que Sheinbaum obtuvo en las cinco encuestas realizadas por el propio Movimiento Regeneraci\u00f3n Nacional&nbsp;y cuatro casas encuestadoras propuestas por los aspirantes un respaldo de entre 36 y 41 por ciento.<\/p>\n\n\n\n<p>En su intervenci\u00f3n, la exjefa de Gobierno capitalina reconoci\u00f3 al resto de aspirantes. Anunci\u00f3 que este d\u00eda se reunir\u00e1 con su equipo para iniciar el proceso rumbo a las elecciones del 2024.<\/p>\n\n\n\n<p>En tanto, el pasado domingo y tambi\u00e9n con fisuras y leve inconformidad de la priista Beatriz Paredes, el Frente Amplio por M\u00e9xico (FAM) decidi\u00f3 impulsar a la senadora panista X\u00f3chitl G\u00e1lvez Ruz como su pr\u00f3xima candidata a la Presidencia de la Rep\u00fablica, impulsada por los partidos PRI, PAN y PRD.<\/p>\n\n\n\n<p>SIN POSIBILIDADES<\/p>\n\n\n\n<p>Por otra parte, el exgobernador de Oaxaca, Ulises Ruiz Ortiz, dio el primer paso para registrarse como candidato independiente para las elecciones presidenciales de 2024 luego de presentar de manera formal su solicitud ante el Instituto Nacional Electoral (INE).<\/p>\n\n\n\n<p>El expriista a\u00f1adi\u00f3 que \u201cmientras unos andan desesperados por la designaci\u00f3n del dedito\u201d, \u00e9l buscar\u00e1 \u201ctirar a la basura\u201d a los partidos pol\u00edticos, de los cuales se dijo estar harto, raz\u00f3n que lo ha orillado a buscar la candidatura.<\/p>\n\n\n\n<p>En un documento abierto al p\u00fablico, el exmandatario lament\u00f3 que M\u00e9xico est\u00e9 inmerso en la corrupci\u00f3n, la frivolidad y la incapacidad de muchos gobiernos que han impedido que el pa\u00eds despegue como una potencia mundial; asimismo, se\u00f1al\u00f3 que la inseguridad que persiste en el territorio nacional \u201cse ha convertido en el mayor freno al crecimiento y en la principal preocupaci\u00f3n de las familias\u201d, por lo que dijo que su objetivo principal ser\u00e1 lograr la paz.<\/p>\n\n\n\n<p>(Con informaci\u00f3n de agencias)<\/p>\n","protected":false},"excerpt":{"rendered":"<p>Redacci\u00f3n\/Zona Roja Cdmx. Ciudad de M\u00e9xico, a 7 de septiembre de 2023.- M\u00e9xico tendr\u00e1 por&hellip;<\/p>\n","protected":false},"author":2,"featured_media":59578,"comment_status":"closed","ping_status":"open","sticky":false,"template":"","format":"standard","meta":{"_lmt_disableupdate":"","_lmt_disable":"","_jetpack_memberships_contains_paid_content":false,"footnotes":""},"categories":[109,47],"tags":[3580],"class_list":["post-59577","post","type-post","status-publish","format-standard","has-post-thumbnail","hentry","category-minuto-a-minuto","category-zona-gris","tag-elecciones-mexico-2024"],"jetpack_featured_media_url":"https:\/\/zonaroja.com.mx\/wp-content\/uploads\/2023\/09\/Aspirantes-Claudia-Sheinbaum-Xochitl-Galvez-Ulises-Ruiz.jpg","jetpack_sharing_enabled":true,"_links":{"self":[{"href":"https:\/\/zonaroja.com.mx\/index.php?rest_route=\/wp\/v2\/posts\/59577","targetHints":{"allow":["GET"]}}],"collection":[{"href":"https:\/\/zonaroja.com.mx\/index.php?rest_route=\/wp\/v2\/posts"}],"about":[{"href":"https:\/\/zonaroja.com.mx\/index.php?rest_route=\/wp\/v2\/types\/post"}],"author":[{"embeddable":true,"href":"https:\/\/zonaroja.com.mx\/index.php?rest_route=\/wp\/v2\/users\/2"}],"replies":[{"embeddable":true,"href":"https:\/\/zonaroja.com.mx\/index.php?rest_route=%2Fwp%2Fv2%2Fcomments&post=59577"}],"version-history":[{"count":2,"href":"https:\/\/zonaroja.com.mx\/index.php?rest_route=\/wp\/v2\/posts\/59577\/revisions"}],"predecessor-version":[{"id":59587,"href":"https:\/\/zonaroja.com.mx\/index.php?rest_route=\/wp\/v2\/posts\/59577\/revisions\/59587"}],"wp:featuredmedia":[{"embeddable":true,"href":"https:\/\/zonaroja.com.mx\/index.php?rest_route=\/wp\/v2\/media\/59578"}],"wp:attachment":[{"href":"https:\/\/zonaroja.com.mx\/index.php?rest_route=%2Fwp%2Fv2%2Fmedia&parent=59577"}],"wp:term":[{"taxonomy":"category","embeddable":true,"href":"https:\/\/zonaroja.com.mx\/index.php?rest_route=%2Fwp%2Fv2%2Fcategories&post=59577"},{"taxonomy":"post_tag","embeddable":true,"href":"https:\/\/zonaroja.com.mx\/index.php?rest_route=%2Fwp%2Fv2%2Ftags&post=59577"}],"curies":[{"name":"wp","href":"https:\/\/api.w.org\/{rel}","templated":true}]}}