{"id":59579,"date":"2023-09-07T09:30:00","date_gmt":"2023-09-07T14:30:00","guid":{"rendered":"http:\/\/www.zonaroja.com.mx\/?p=59579"},"modified":"2023-09-07T08:26:03","modified_gmt":"2023-09-07T13:26:03","slug":"matan-a-balazos-a-otro-individuo-ahora-en-zimatlan-oaxaca","status":"publish","type":"post","link":"https:\/\/zonaroja.com.mx\/?p=59579","title":{"rendered":"Matan a balazos a otro individuo, ahora en Zimatl\u00e1n, Oaxaca"},"content":{"rendered":"\n<p>Redacci\u00f3n\/Zona Roja.<\/p>\n\n\n\n<p>Oaxaca de Ju\u00e1rez, Oax., a 7 de septiembre de 2023.- A tres ascendi\u00f3 el n\u00famero de personas que fueron asesinadas en el transcurso del mi\u00e9rcoles en el estado de Oaxaca.<\/p>\n\n\n\n<p>El m\u00e1s reciente hecho ocurri\u00f3 ayer por la tarde en Zimatl\u00e1n de \u00c1lvarez, municipio de la regi\u00f3n Valles Centrales de Oaxaca.<\/p>\n\n\n\n<p>Fue alrededor de las 18:30 horas de ayer en que en inmediaciones de la avenida Ferrocarril fueron reportadas detonaciones de arma de fuego, tras lo cual acudieron polic\u00edas y param\u00e9dicos.<\/p>\n\n\n\n<p>En el sitio hallaron a un individuo con varios impactos de arma de fuego, uno de ellos en el cuello, por lo cual fue trasladado al hospital general de San Pablo Huixtepec y despu\u00e9s trasladado al Hospital Civil de la capital oaxaque\u00f1a.<\/p>\n\n\n\n<p>Sin embargo, debido a la gravedad de las heridas, poco despu\u00e9s perdi\u00f3 la vida; la v\u00edctima a\u00fan no ha sido identificada.<\/p>\n\n\n\n<p>Como se inform\u00f3, ayer fue hallado ejecutado, maniatado y desnudo un taxista secuestrado en d\u00eda anterior en Santa Mar\u00eda Colotepec. Mientras que en Santa Mar\u00eda Huazolotitl\u00e1n fue ultimado a balazos un motociclista.<\/p>\n","protected":false},"excerpt":{"rendered":"<p>Redacci\u00f3n\/Zona Roja. Oaxaca de Ju\u00e1rez, Oax., a 7 de septiembre de 2023.- A tres ascendi\u00f3&hellip;<\/p>\n","protected":false},"author":2,"featured_media":29993,"comment_status":"closed","ping_status":"open","sticky":false,"template":"","format":"standard","meta":{"_lmt_disableupdate":"","_lmt_disable":"","_jetpack_memberships_contains_paid_content":false,"footnotes":""},"categories":[109,51],"tags":[802],"class_list":["post-59579","post","type-post","status-publish","format-standard","has-post-thumbnail","hentry","category-minuto-a-minuto","category-zona-roja","tag-zimatlan-de-alvarez"],"jetpack_featured_media_url":"https:\/\/zonaroja.com.mx\/wp-content\/uploads\/2021\/07\/Escena-balazos.jpg","jetpack_sharing_enabled":true,"_links":{"self":[{"href":"https:\/\/zonaroja.com.mx\/index.php?rest_route=\/wp\/v2\/posts\/59579","targetHints":{"allow":["GET"]}}],"collection":[{"href":"https:\/\/zonaroja.com.mx\/index.php?rest_route=\/wp\/v2\/posts"}],"about":[{"href":"https:\/\/zonaroja.com.mx\/index.php?rest_route=\/wp\/v2\/types\/post"}],"author":[{"embeddable":true,"href":"https:\/\/zonaroja.com.mx\/index.php?rest_route=\/wp\/v2\/users\/2"}],"replies":[{"embeddable":true,"href":"https:\/\/zonaroja.com.mx\/index.php?rest_route=%2Fwp%2Fv2%2Fcomments&post=59579"}],"version-history":[{"count":1,"href":"https:\/\/zonaroja.com.mx\/index.php?rest_route=\/wp\/v2\/posts\/59579\/revisions"}],"predecessor-version":[{"id":59580,"href":"https:\/\/zonaroja.com.mx\/index.php?rest_route=\/wp\/v2\/posts\/59579\/revisions\/59580"}],"wp:featuredmedia":[{"embeddable":true,"href":"https:\/\/zonaroja.com.mx\/index.php?rest_route=\/wp\/v2\/media\/29993"}],"wp:attachment":[{"href":"https:\/\/zonaroja.com.mx\/index.php?rest_route=%2Fwp%2Fv2%2Fmedia&parent=59579"}],"wp:term":[{"taxonomy":"category","embeddable":true,"href":"https:\/\/zonaroja.com.mx\/index.php?rest_route=%2Fwp%2Fv2%2Fcategories&post=59579"},{"taxonomy":"post_tag","embeddable":true,"href":"https:\/\/zonaroja.com.mx\/index.php?rest_route=%2Fwp%2Fv2%2Ftags&post=59579"}],"curies":[{"name":"wp","href":"https:\/\/api.w.org\/{rel}","templated":true}]}}