{"id":5959,"date":"2019-11-22T07:32:04","date_gmt":"2019-11-22T13:32:04","guid":{"rendered":"http:\/\/www.zonaroja.com.mx\/?p=5959"},"modified":"2019-11-22T07:32:08","modified_gmt":"2019-11-22T13:32:08","slug":"desalojo-de-familias-en-xoxocotlan-reprobable-e-ilegal-api-pup","status":"publish","type":"post","link":"https:\/\/zonaroja.com.mx\/?p=5959","title":{"rendered":"Desalojo de familias en Xoxocotl\u00e1n, reprobable e ilegal: API-PUP"},"content":{"rendered":"\n<p>Redacci\u00f3n\/Zona Roja.<\/p>\n\n\n\n<p>Oaxaca de Ju\u00e1rez, Oax., 22 de noviembre\nde 2019.- El dirigente de la Asamblea de los Pueblos Ind\u00edgenas-Partido Unidad\nPopular (API-PUP), Uriel D\u00edaz Caballero, calific\u00f3 de reprobable e ilegal el\ndesalojo de las familias en los parajes \u201cLoma del Qu\u00edo\u201d, Los Mangales\u201d y \u201cEl\nCoquito\u201d pertenecientes al municipio de Santa Cruz Xoxocotl\u00e1n.<\/p>\n\n\n\n<p>En entrevista, indic\u00f3 que los agresores\ncarecen de una acci\u00f3n legal que avale el desalojo violento de las viviendas, ni\nresoluci\u00f3n de alg\u00fan juez o tribunal que justificara dicha acci\u00f3n, mucho menos\nhay un decreto de expropiaci\u00f3n de las tierras por lo que a todas luces se trata\nde una imposici\u00f3n del gobierno de Oaxaca.<\/p>\n\n\n\n<p>\u201cEl gobierno contin\u00faa con sus vicios de represi\u00f3n, imposici\u00f3n y beneficios para algunos cuantos porque en estos hechos no hay una acci\u00f3n legal que permita demostrar que ten\u00edan la raz\u00f3n\u201d, dijo.<\/p>\n\n\n\n<figure class=\"wp-block-embed-twitter wp-block-embed is-type-rich is-provider-twitter\"><div class=\"wp-block-embed__wrapper\">\n<div class=\"twitter-tweet\"><blockquote class=\"twitter-tweet\" data-lang=\"es\"><p lang=\"es\" dir=\"ltr\"><a href=\"https:\/\/twitter.com\/hashtag\/OaxacaGris?src=hash&amp;ref_src=twsrc%5Etfw\">#OaxacaGris<\/a><br>En contraste con lo que dijo el gobernador <a href=\"https:\/\/twitter.com\/alejandromurat?ref_src=twsrc%5Etfw\">@alejandromurat<\/a>, el dirigente de la Asamblea de Pueblos Ind\u00edgenas (API), Uriel D\u00edaz Caballero, asegur\u00f3 que las v\u00edctimas de parajes de <a href=\"https:\/\/twitter.com\/hashtag\/Xoxocotl%C3%A1n?src=hash&amp;ref_src=twsrc%5Etfw\">#Xoxocotl\u00e1n<\/a> s\u00ed cuentan con documentos de sus viviendas; confirma que polic\u00edas no apoyaron. <a href=\"https:\/\/t.co\/zGPWSw5koU\">pic.twitter.com\/zGPWSw5koU<\/a><\/p>&mdash; Zona Roja Oaxaca (@MexRoja) <a href=\"https:\/\/twitter.com\/MexRoja\/status\/1197526590172872706?ref_src=twsrc%5Etfw\">21 de noviembre de 2019<\/a><\/blockquote><\/div>\n<\/div><\/figure>\n\n\n\n<p>Asegur\u00f3 que las v\u00edctimas son militantes\nde la API por lo que respaldar su exigencia de justicia a la par que lament\u00f3\nque los elementos de la Polic\u00eda Estatal y Guardia Nacional en lugar de poner\norden, se retiraron del lugar y dejaron en la indefensi\u00f3n a la poblaci\u00f3n que\nera atacada por sicarios.&nbsp; <\/p>\n\n\n\n<p>\u201cSon comit\u00e9s comunitaria de la API\nquienes resultaron afectados por ello estaremos aqu\u00ed respaldando, exigiendo\njusticia y que se respeten los derechos de las personas y del pueblo\u201d expres\u00f3.<\/p>\n\n\n\n<p>D\u00edaz Caballero exigi\u00f3 atenci\u00f3n integral\na las v\u00edctimas y que puedan recuperar sus pertenencias y viviendas de las\ncuales tienen una constancia de posesi\u00f3n, a la par que insisti\u00f3 que no hay\nninguna prueba de que los afectados estuvieran incurrieran en actos ilegales\npara instalarse ah\u00ed.<\/p>\n\n\n\n<p>\u201cEllo son posesionarios, tienen la\ndocumentaci\u00f3n expedida por el comisariado, no hay raz\u00f3n que avale o justifique\nla violencia que ejercieron en su contra\u201d, sentenci\u00f3.<\/p>\n\n\n\n<p>GUARDA SILENCIO<\/p>\n\n\n\n<p>&nbsp;Mientras\nque el edil de Santa Cruz Xoxocotl\u00e1n, Alejandro L\u00f3pez Jarqu\u00edn, no ha hecho\ncomentarios al respecto, en sus redes sociales no existe ninguna publicaci\u00f3n\nreferente al desalojo violento y la participaci\u00f3n de la Polic\u00eda Municipal.<\/p>\n\n\n\n<p>\u00danicamente trascendi\u00f3 una breve\nentrevista que concedi\u00f3 a un medio de comunicaci\u00f3n nacional en la que asegur\u00f3\nse trat\u00f3 de un conflicto por terrenos de la Comisar\u00eda de Bienes Comunales.<\/p>\n\n\n\n<p>Al igual que el gobernador de Oaxaca,\nAlejandro Murat, quien en entrevista colectiva con medios locales de\ninformaci\u00f3n se limit\u00f3 a decir que era un problema agrario y que la Fiscal\u00eda\nGeneral de Justicia se encontraba indagando, ello pese a que la instancia no\nhab\u00eda entrado a la zona de acuerdo con las v\u00edctimas de los hechos, ocurridos el\npasado martes.<\/p>\n","protected":false},"excerpt":{"rendered":"<p>Redacci\u00f3n\/Zona Roja. Oaxaca de Ju\u00e1rez, Oax., 22 de noviembre de 2019.- El dirigente de la&hellip;<\/p>\n","protected":false},"author":2,"featured_media":5960,"comment_status":"closed","ping_status":"open","sticky":false,"template":"","format":"standard","meta":{"_lmt_disableupdate":"","_lmt_disable":"","_jetpack_memberships_contains_paid_content":false,"footnotes":""},"categories":[109,47],"tags":[133],"class_list":["post-5959","post","type-post","status-publish","format-standard","has-post-thumbnail","hentry","category-minuto-a-minuto","category-zona-gris","tag-santa-cruz-xoxocotlan"],"jetpack_featured_media_url":"https:\/\/zonaroja.com.mx\/wp-content\/uploads\/2019\/11\/Muerto-Xoxo.jpg","jetpack_sharing_enabled":true,"_links":{"self":[{"href":"https:\/\/zonaroja.com.mx\/index.php?rest_route=\/wp\/v2\/posts\/5959","targetHints":{"allow":["GET"]}}],"collection":[{"href":"https:\/\/zonaroja.com.mx\/index.php?rest_route=\/wp\/v2\/posts"}],"about":[{"href":"https:\/\/zonaroja.com.mx\/index.php?rest_route=\/wp\/v2\/types\/post"}],"author":[{"embeddable":true,"href":"https:\/\/zonaroja.com.mx\/index.php?rest_route=\/wp\/v2\/users\/2"}],"replies":[{"embeddable":true,"href":"https:\/\/zonaroja.com.mx\/index.php?rest_route=%2Fwp%2Fv2%2Fcomments&post=5959"}],"version-history":[{"count":1,"href":"https:\/\/zonaroja.com.mx\/index.php?rest_route=\/wp\/v2\/posts\/5959\/revisions"}],"predecessor-version":[{"id":5961,"href":"https:\/\/zonaroja.com.mx\/index.php?rest_route=\/wp\/v2\/posts\/5959\/revisions\/5961"}],"wp:featuredmedia":[{"embeddable":true,"href":"https:\/\/zonaroja.com.mx\/index.php?rest_route=\/wp\/v2\/media\/5960"}],"wp:attachment":[{"href":"https:\/\/zonaroja.com.mx\/index.php?rest_route=%2Fwp%2Fv2%2Fmedia&parent=5959"}],"wp:term":[{"taxonomy":"category","embeddable":true,"href":"https:\/\/zonaroja.com.mx\/index.php?rest_route=%2Fwp%2Fv2%2Fcategories&post=5959"},{"taxonomy":"post_tag","embeddable":true,"href":"https:\/\/zonaroja.com.mx\/index.php?rest_route=%2Fwp%2Fv2%2Ftags&post=5959"}],"curies":[{"name":"wp","href":"https:\/\/api.w.org\/{rel}","templated":true}]}}