{"id":59596,"date":"2023-09-07T13:03:00","date_gmt":"2023-09-07T18:03:00","guid":{"rendered":"http:\/\/www.zonaroja.com.mx\/?p=59596"},"modified":"2023-09-07T09:05:22","modified_gmt":"2023-09-07T14:05:22","slug":"juez-de-eu-da-nueve-dias-a-texas-para-retirar-boyas-del-rio-bravo","status":"publish","type":"post","link":"https:\/\/zonaroja.com.mx\/?p=59596","title":{"rendered":"Juez de EU da nueve d\u00edas a Texas para retirar boyas del r\u00edo Bravo"},"content":{"rendered":"\n<p>Redacci\u00f3n\/Zona Roja Cdmx.<\/p>\n\n\n\n<p>Ciudad de M\u00e9xico, a 7 de septiembre de 2023. El juez de distrito David Ezra, en Austin, dio ayer nueve d\u00edas de plazo para retirar la barrera de boyas instalada en julio pasado en el r\u00edo Bravo, cerca de la ciudad de Eagle Pass, a fin de impedir el paso de migrantes sin papeles desde M\u00e9xico, una decisi\u00f3n que el gobernador de Texas, Greg Abbott, adelant\u00f3 que apelar\u00e1 en las cortes.<\/p>\n\n\n\n<p>El gobierno del presidente Joe Biden argument\u00f3 en un recurso legal que la barrera, de m\u00e1s de 300 metros de largo, obstruye la navegaci\u00f3n por el r\u00edo y se instal\u00f3 sin permiso del cuerpo de ingenieros del ej\u00e9rcito de Estados Unidos.<\/p>\n\n\n\n<p>El juez Ezra justific\u00f3 su decisi\u00f3n por los \u201cda\u00f1os causados por la barrera flotante\u201d, al citar \u201clas enormes tensiones que ha provocado en las relaciones entre Estados Unidos y M\u00e9xico\u201d, as\u00ed como \u201camenazas a la vida humana y obstrucci\u00f3n de la navegaci\u00f3n libre y segura\u201d.<\/p>\n\n\n\n<p>Tambi\u00e9n, plante\u00f3 dudas sobre la justificaci\u00f3n para instalar el muro flotante, al asegurar que el gobierno estatal no present\u00f3 ninguna \u201cprueba convincente de que la barrera de boyas haya reducido significativamente la inmigraci\u00f3n ilegal\u201d.<\/p>\n\n\n\n<p>En su medida cautelar no orden\u00f3 el desmantelamiento la barrera, pero instruy\u00f3 al gobierno de Abbott, al menos por ahora, a sacar del agua todos los elementos ya existentes que la componen, y ponerlos \u201cen la orilla del r\u00edo Bravo del lado de Texas\u201d antes del pr\u00f3ximo d\u00eda 15.<\/p>\n\n\n\n<p>Funcionarios de Texas se\u00f1alaron que apelar\u00e1n el fallo. \u201cLa decisi\u00f3n judicial s\u00f3lo prolonga la obstinada negativa del presidente Biden a reconocer que Texas da un paso al frente para hacer el trabajo que \u00e9l deber\u00eda estar haciendo\u201d, coment\u00f3 Abbott en la red social X.<\/p>\n\n\n\n<p>El gobernador invoc\u00f3 poderes extraordinarios para implementar t\u00e1cticas m\u00e1s agresivas contra la llegada masiva de migrantes. Las autoridades, como parte de la operaci\u00f3n antimigrante Lone Star, instalaron alambre de p\u00faas y vallas de acero en la frontera, y facultaron a agentes armados para detener a los indocumentados con cargos de invasi\u00f3n de propiedad ajena.<\/p>\n\n\n\n<p>\u201cUna vez que Texas decide, a su exclusivo criterio, que ha sido invadida, no est\u00e1 sujeto a ninguna supervisi\u00f3n de los medios que elige para librar una guerra\u201d, escribi\u00f3 en su fallo Ezra.<\/p>\n\n\n\n<p>Para el Departamento de Justicia, demandante, estas boyas representan un problema humanitario y diplom\u00e1tico, y van contra los tratados fronterizos signados con M\u00e9xico.<\/p>\n\n\n\n<p>(Informaci\u00f3n de \u201cLa Jornada\u201d)<\/p>\n","protected":false},"excerpt":{"rendered":"<p>Redacci\u00f3n\/Zona Roja Cdmx. Ciudad de M\u00e9xico, a 7 de septiembre de 2023. El juez de&hellip;<\/p>\n","protected":false},"author":2,"featured_media":57365,"comment_status":"closed","ping_status":"open","sticky":false,"template":"","format":"standard","meta":{"_lmt_disableupdate":"","_lmt_disable":"","_jetpack_memberships_contains_paid_content":false,"footnotes":""},"categories":[109,47],"tags":[3173],"class_list":["post-59596","post","type-post","status-publish","format-standard","has-post-thumbnail","hentry","category-minuto-a-minuto","category-zona-gris","tag-migrantes-texas-estados-unidos"],"jetpack_featured_media_url":"https:\/\/zonaroja.com.mx\/wp-content\/uploads\/2023\/07\/Boyas-Texas-rio-Bravo.jpeg","jetpack_sharing_enabled":true,"_links":{"self":[{"href":"https:\/\/zonaroja.com.mx\/index.php?rest_route=\/wp\/v2\/posts\/59596","targetHints":{"allow":["GET"]}}],"collection":[{"href":"https:\/\/zonaroja.com.mx\/index.php?rest_route=\/wp\/v2\/posts"}],"about":[{"href":"https:\/\/zonaroja.com.mx\/index.php?rest_route=\/wp\/v2\/types\/post"}],"author":[{"embeddable":true,"href":"https:\/\/zonaroja.com.mx\/index.php?rest_route=\/wp\/v2\/users\/2"}],"replies":[{"embeddable":true,"href":"https:\/\/zonaroja.com.mx\/index.php?rest_route=%2Fwp%2Fv2%2Fcomments&post=59596"}],"version-history":[{"count":1,"href":"https:\/\/zonaroja.com.mx\/index.php?rest_route=\/wp\/v2\/posts\/59596\/revisions"}],"predecessor-version":[{"id":59597,"href":"https:\/\/zonaroja.com.mx\/index.php?rest_route=\/wp\/v2\/posts\/59596\/revisions\/59597"}],"wp:featuredmedia":[{"embeddable":true,"href":"https:\/\/zonaroja.com.mx\/index.php?rest_route=\/wp\/v2\/media\/57365"}],"wp:attachment":[{"href":"https:\/\/zonaroja.com.mx\/index.php?rest_route=%2Fwp%2Fv2%2Fmedia&parent=59596"}],"wp:term":[{"taxonomy":"category","embeddable":true,"href":"https:\/\/zonaroja.com.mx\/index.php?rest_route=%2Fwp%2Fv2%2Fcategories&post=59596"},{"taxonomy":"post_tag","embeddable":true,"href":"https:\/\/zonaroja.com.mx\/index.php?rest_route=%2Fwp%2Fv2%2Ftags&post=59596"}],"curies":[{"name":"wp","href":"https:\/\/api.w.org\/{rel}","templated":true}]}}