{"id":59598,"date":"2023-09-07T17:06:00","date_gmt":"2023-09-07T22:06:00","guid":{"rendered":"http:\/\/www.zonaroja.com.mx\/?p=59598"},"modified":"2023-09-07T09:08:23","modified_gmt":"2023-09-07T14:08:23","slug":"advierte-la-oms-aumento-de-muertes-por-covid-en-el-mundo","status":"publish","type":"post","link":"https:\/\/zonaroja.com.mx\/?p=59598","title":{"rendered":"Advierte la OMS aumento de muertes por Covid en el mundo"},"content":{"rendered":"\n<p>Redacci\u00f3n\/Zona Roja Cdmx.<\/p>\n\n\n\n<p>Ciudad de M\u00e9xico, a 7 de septiembre de 2023.- Las muertes por Covid-19 est\u00e1n aumentando en Asia Oriental y Oriente Medio, as\u00ed como las hospitalizaciones por esta enfermedad en Europa, en un momento en el que muchos pa\u00edses han dejado de dar estos datos por el fin de la emergencia internacional, advirti\u00f3 hoy la Organizaci\u00f3n Mundial de la Salud (OMS).<\/p>\n\n\n\n<p>\u201cSolo 43 pa\u00edses siguen report\u00e1ndonos las muertes (por Covid-19) y apenas 20 dan datos de hospitalizaciones\u201d, lament\u00f3 en rueda de prensa el director general de la OMS, Tedros Adhanom Ghebreyesus.<\/p>\n\n\n\n<p>\u201cEl aumento en muertes y hospitalizaciones muestra que el covid lleg\u00f3 para quedarse y seguiremos necesitando herramientas para luchar contra \u00e9l\u201d, afirm\u00f3 este mi\u00e9rcoles el experto m\u00e9dico et\u00edope.<\/p>\n\n\n\n<p>Tedros reconoci\u00f3 que actualmente ninguna variante del coronavirus se ha mostrado como dominante a nivel global, si bien una de ellas, la EG.5 (considerada \u201cde inter\u00e9s\u201d por la OMS y denominada \u201cEris\u201d por los expertos) est\u00e1 en ascenso.<\/p>\n\n\n\n<p>\u201cUna de las principales preocupaciones de la OMS es el bajo nivel de personas de grupos de riesgo que no han recibido dosis de la vacuna anticovid recientemente\u201d, afirm\u00f3 Tedros, quien pidi\u00f3 a aquellos a los que se les haya aconsejado recibirla que acudan a centros m\u00e9dicos para ello.<\/p>\n\n\n\n<p>(Con informaci\u00f3n de EFE, en L\u00f3pez-D\u00f3riga Digital)<\/p>\n","protected":false},"excerpt":{"rendered":"<p>Redacci\u00f3n\/Zona Roja Cdmx. Ciudad de M\u00e9xico, a 7 de septiembre de 2023.- Las muertes por&hellip;<\/p>\n","protected":false},"author":2,"featured_media":49938,"comment_status":"closed","ping_status":"open","sticky":false,"template":"","format":"standard","meta":{"_lmt_disableupdate":"","_lmt_disable":"","_jetpack_memberships_contains_paid_content":false,"footnotes":""},"categories":[109,47],"tags":[3669],"class_list":["post-59598","post","type-post","status-publish","format-standard","has-post-thumbnail","hentry","category-minuto-a-minuto","category-zona-gris","tag-covid-19"],"jetpack_featured_media_url":"https:\/\/zonaroja.com.mx\/wp-content\/uploads\/2023\/01\/Covid-coronavirus-China.jpeg","jetpack_sharing_enabled":true,"_links":{"self":[{"href":"https:\/\/zonaroja.com.mx\/index.php?rest_route=\/wp\/v2\/posts\/59598","targetHints":{"allow":["GET"]}}],"collection":[{"href":"https:\/\/zonaroja.com.mx\/index.php?rest_route=\/wp\/v2\/posts"}],"about":[{"href":"https:\/\/zonaroja.com.mx\/index.php?rest_route=\/wp\/v2\/types\/post"}],"author":[{"embeddable":true,"href":"https:\/\/zonaroja.com.mx\/index.php?rest_route=\/wp\/v2\/users\/2"}],"replies":[{"embeddable":true,"href":"https:\/\/zonaroja.com.mx\/index.php?rest_route=%2Fwp%2Fv2%2Fcomments&post=59598"}],"version-history":[{"count":1,"href":"https:\/\/zonaroja.com.mx\/index.php?rest_route=\/wp\/v2\/posts\/59598\/revisions"}],"predecessor-version":[{"id":59599,"href":"https:\/\/zonaroja.com.mx\/index.php?rest_route=\/wp\/v2\/posts\/59598\/revisions\/59599"}],"wp:featuredmedia":[{"embeddable":true,"href":"https:\/\/zonaroja.com.mx\/index.php?rest_route=\/wp\/v2\/media\/49938"}],"wp:attachment":[{"href":"https:\/\/zonaroja.com.mx\/index.php?rest_route=%2Fwp%2Fv2%2Fmedia&parent=59598"}],"wp:term":[{"taxonomy":"category","embeddable":true,"href":"https:\/\/zonaroja.com.mx\/index.php?rest_route=%2Fwp%2Fv2%2Fcategories&post=59598"},{"taxonomy":"post_tag","embeddable":true,"href":"https:\/\/zonaroja.com.mx\/index.php?rest_route=%2Fwp%2Fv2%2Ftags&post=59598"}],"curies":[{"name":"wp","href":"https:\/\/api.w.org\/{rel}","templated":true}]}}