{"id":59600,"date":"2023-09-08T12:08:00","date_gmt":"2023-09-08T17:08:00","guid":{"rendered":"http:\/\/www.zonaroja.com.mx\/?p=59600"},"modified":"2023-09-08T07:28:45","modified_gmt":"2023-09-08T12:28:45","slug":"opinion-algo-mas-alla-de-la-4t-y-el-frente","status":"publish","type":"post","link":"https:\/\/zonaroja.com.mx\/?p=59600","title":{"rendered":"Opini\u00f3n. \u00bfAlgo m\u00e1s all\u00e1 de la 4T y el Frente?"},"content":{"rendered":"\n<p>Diego Enrique Osorno*<\/p>\n\n\n\n<p>No faro, no luz, el desencanto campeaba en la izquierda de aquellos a\u00f1os, cuando estall\u00f3 la insurrecci\u00f3n del EZLN el 1 de enero de 1994. Un entusiasmo renacido entre progresistas urbanos, aunque con carga moral de culpa porque un grupo de miles de ind\u00edgenas eran los que pon\u00edan el cuerpo para luchar, rememora la bailarina y activista&nbsp;Argelia Guerrero.<\/p>\n\n\n\n<p>Va a caer Salinas de Gortari, se rumoreaba en la Sierra Sur de Oaxaca, entre mujeres que a partir de ah\u00ed crecieron inquietas y enredadas por la rebeld\u00eda que irradiaba desde las monta\u00f1as de Chiapas, recuerda por su parte la abogada y defensora&nbsp;Y\u00e9sica S\u00e1nchez Maya.<\/p>\n\n\n\n<p>Hablar hoy del alzamiento armado zapatista es un acto fuerte porque la izquierda est\u00e1 cooptada por el lopezobradorismo: Generar un espacio de conversaci\u00f3n y concentraci\u00f3n para pensar escenarios alternativos de resistencia&nbsp;es desafiante, piensa la escritora y ling\u00fcista&nbsp;Y\u00e1snaya Aguilar.<\/p>\n\n\n\n<p>No entiendo c\u00f3mo es que seguimos hablando de neoliberalismo\u2026 \u00bfQu\u00e9 no se supone que el neoliberalismo desapareci\u00f3 con el actual gobierno?, \u00bfo acaso ahora estamos viviendo el neoliberadrorismo?, \u00bfc\u00f3mo entender un tren que lleva arriba a los de arriba para que los de abajo lo vean desde abajo?, se pregunta Argelia.<\/p>\n\n\n\n<p>Escuchar no es solamente o\u00edr. Escuchar es exponerte a otros mundos, precisa el periodista y escritor John Gibler, antes de contar cuando lo acusaron en un pueblo de Per\u00fa de ser traficante de armas por fotocopiar comunicados del EZLN y repartirlos entre manifestantes. La palabra zapatista ha sido tambi\u00e9n arma peligrosa y perseguida.<\/p>\n\n\n\n<p>Quienes una y otra vez dicen que el zapatismo no es relevante, al interpelarlo as\u00ed&nbsp;le est\u00e1n dando el valor inc\u00f3modo que su existencia les provoca. Suele hacerlo esa izquierda que busc\u00f3 la promesa del Estado y ahora se siente a sus anchas por ah\u00ed, comenta Argelia, pero el constante caleidoscopio zapatista formado a lo largo de 40 a\u00f1os y lo que justo est\u00e1 haciendo ahora&nbsp;se van a valorar mejor dentro de no muchos a\u00f1os, piensa Y\u00e1snaya.<\/p>\n\n\n\n<p>Toda esta conversaci\u00f3n gira como espiral tras la proyecci\u00f3n de La Monta\u00f1a en el Festival Ambulante. Y\u00e9sica cierra su participaci\u00f3n ratificando la principal conclusi\u00f3n del \u00faltimo Encuentro de Mujeres que Luchan: \u201cAcordamos Vivir\u201d. A unos meses de cumplir 40 a\u00f1os de su fundaci\u00f3n y 30 de su alzamiento, el EZLN vive.<\/p>\n\n\n\n<p>*Escritor y periodista.<\/p>\n\n\n\n<p>@DiegoEOsorno<\/p>\n","protected":false},"excerpt":{"rendered":"<p>Diego Enrique Osorno* No faro, no luz, el desencanto campeaba en la izquierda de aquellos&hellip;<\/p>\n","protected":false},"author":2,"featured_media":48560,"comment_status":"closed","ping_status":"open","sticky":false,"template":"","format":"standard","meta":{"_lmt_disableupdate":"","_lmt_disable":"","_jetpack_memberships_contains_paid_content":false,"footnotes":""},"categories":[456,109],"tags":[3020],"class_list":["post-59600","post","type-post","status-publish","format-standard","has-post-thumbnail","hentry","category-columna","category-minuto-a-minuto","tag-diego-enrique-osorno"],"jetpack_featured_media_url":"https:\/\/zonaroja.com.mx\/wp-content\/uploads\/2022\/11\/Diego-Enrique-Osorno.jpeg","jetpack_sharing_enabled":true,"_links":{"self":[{"href":"https:\/\/zonaroja.com.mx\/index.php?rest_route=\/wp\/v2\/posts\/59600","targetHints":{"allow":["GET"]}}],"collection":[{"href":"https:\/\/zonaroja.com.mx\/index.php?rest_route=\/wp\/v2\/posts"}],"about":[{"href":"https:\/\/zonaroja.com.mx\/index.php?rest_route=\/wp\/v2\/types\/post"}],"author":[{"embeddable":true,"href":"https:\/\/zonaroja.com.mx\/index.php?rest_route=\/wp\/v2\/users\/2"}],"replies":[{"embeddable":true,"href":"https:\/\/zonaroja.com.mx\/index.php?rest_route=%2Fwp%2Fv2%2Fcomments&post=59600"}],"version-history":[{"count":1,"href":"https:\/\/zonaroja.com.mx\/index.php?rest_route=\/wp\/v2\/posts\/59600\/revisions"}],"predecessor-version":[{"id":59601,"href":"https:\/\/zonaroja.com.mx\/index.php?rest_route=\/wp\/v2\/posts\/59600\/revisions\/59601"}],"wp:featuredmedia":[{"embeddable":true,"href":"https:\/\/zonaroja.com.mx\/index.php?rest_route=\/wp\/v2\/media\/48560"}],"wp:attachment":[{"href":"https:\/\/zonaroja.com.mx\/index.php?rest_route=%2Fwp%2Fv2%2Fmedia&parent=59600"}],"wp:term":[{"taxonomy":"category","embeddable":true,"href":"https:\/\/zonaroja.com.mx\/index.php?rest_route=%2Fwp%2Fv2%2Fcategories&post=59600"},{"taxonomy":"post_tag","embeddable":true,"href":"https:\/\/zonaroja.com.mx\/index.php?rest_route=%2Fwp%2Fv2%2Ftags&post=59600"}],"curies":[{"name":"wp","href":"https:\/\/api.w.org\/{rel}","templated":true}]}}