{"id":59605,"date":"2023-09-07T20:17:56","date_gmt":"2023-09-08T01:17:56","guid":{"rendered":"http:\/\/www.zonaroja.com.mx\/?p=59605"},"modified":"2023-09-07T20:18:01","modified_gmt":"2023-09-08T01:18:01","slug":"registra-el-mult-9-militantes-asesinados-este-ano-protestara-en-la-cdmx","status":"publish","type":"post","link":"https:\/\/zonaroja.com.mx\/?p=59605","title":{"rendered":"Registra el MULT 9 militantes asesinados este a\u00f1o; protestar\u00e1 en la Cdmx"},"content":{"rendered":"\n<p>Yuridiana Sosa\/Zona Roja.<\/p>\n\n\n\n<p>Oaxaca de Ju\u00e1rez, Oax., a 7 de septiembre de 2023.- Ante la ola de violencia en la zona triqui y contra sus militantes, as\u00ed como la falta de cumplimiento a garant\u00edas de seguridad por el gobierno estatal, la organizaci\u00f3n Movimiento Unificador de Lucha Triqui (MULT) anunci\u00f3 una movilizaci\u00f3n en la Ciudad de M\u00e9xico para exigir atenci\u00f3n del gobierno federal.<\/p>\n\n\n\n<p>En conferencia de prensa, frente a Palacio de Gobierno en la capital oaxaque\u00f1a, la dirigencia del MULT se\u00f1al\u00f3 que en los \u00faltimos meses la violencia ha dejado un saldo de nueve compa\u00f1eros asesinados y al menos 37 ataques armados contra su militancia.<\/p>\n\n\n\n<p>Los m\u00e1s recientes ocurridos este 6 de septiembre contra dos profesores de la Secci\u00f3n 22 del SNTE, en el municipio de Mesones Hidalgo, en la regi\u00f3n Mixteca de Oaxaca, a quienes el MULT reconoci\u00f3 como sus militantes, y aunque no ocurri\u00f3 en zona triqui, igualmente lo consideraron como un hecho violento contra sus integrantes.<\/p>\n\n\n\n<p>Sin embargo, varios de estos pudieron evitarse, dijeron, de haberse cumplido los compromisos de parte de la Secretar\u00eda de Seguridad P\u00fablica de Oaxaca y la Guardia Nacional en la entidad para la instalaci\u00f3n de puntos de revisi\u00f3n, adem\u00e1s de las investigaciones oportunas de otros hechos por la Fiscal\u00eda del Estado, de lo cual los plazos otorgados para su cumplimiento vencieron.<\/p>\n\n\n\n<p>Para presionar a las autoridades, la organizaci\u00f3n program\u00f3 una marcha-caravana para el pr\u00f3ximo 10 de septiembre a la Ciudad de M\u00e9xico, en donde frente a Palacio Nacional instalar\u00e1n un plant\u00f3n indefinido para exigir audiencia con el presidente Andr\u00e9s Manuel L\u00f3pez Obrador y ante la Fiscal\u00eda General de la Rep\u00fablica.<\/p>\n\n\n\n<figure class=\"wp-block-embed is-type-rich is-provider-twitter wp-block-embed-twitter\"><div class=\"wp-block-embed__wrapper\">\n<div class=\"twitter-tweet\"><blockquote class=\"twitter-tweet\" data-lang=\"es\"><p lang=\"es\" dir=\"ltr\"><a href=\"https:\/\/twitter.com\/hashtag\/ENVIVO?src=hash&amp;ref_src=twsrc%5Etfw\">#ENVIVO<\/a><br>Oaxaca de Ju\u00e1rez, Oax., a 7 de septiembre de 2023.- Conferencia de prensa del Movimiento de Unificaci\u00f3n y Lucha Triqui, respecto a los hechos de violencia en la regi\u00f3n Mixteca de Oaxaca.<br>Transmisi\u00f3n \ud83d\udc47<a href=\"https:\/\/t.co\/BhpwD93k6U\">https:\/\/t.co\/BhpwD93k6U<\/a><\/p>&mdash; Zona Roja Oaxaca (@ZonaRoja_Oaxaca) <a href=\"https:\/\/twitter.com\/ZonaRoja_Oaxaca\/status\/1699822968329953635?ref_src=twsrc%5Etfw\">7 de septiembre de 2023<\/a><\/blockquote><\/div>\n<\/div><\/figure>\n\n\n\n<p>ACUERDOS SIN CUMPLIR<\/p>\n\n\n\n<p>La dirigencia del MULT record\u00f3 que existen acuerdos del 26 de junio y el 4 de mayo en los que la Secretar\u00eda de Gobierno de Oaxaca, de Seguridad, el comisionado de la Polic\u00eda Estatal y el inspector de la Guardia Nacional se comprometieron a realizar recorridos diurno y nocturno en la zona de riesgo de Concepci\u00f3n Carrizal -Agua Fr\u00eda, pero no se cumpli\u00f3.<\/p>\n\n\n\n<p>Adem\u00e1s de los puntos de vigilancia en el tramo de la carretera federal de la Concepci\u00f3n Carrizal a Santiago Juxtlahuaca, con mayor presencia en Concepci\u00f3n Carrizal, Tres Cruces y Cumbre Yerbasanta , sin que ninguno, respectivamente, se cumpliera.<\/p>\n\n\n\n<p>As\u00ed tambi\u00e9n, el MULT indic\u00f3 que la situaci\u00f3n se mantiene tensa por la presencia de paramilitares fuertemente armados que rodean la comunidad de San Juan Copala, adem\u00e1s de permanecer en los caminos y carreteras de la zona Triqui.<\/p>\n\n\n\n<p>Esta presencia mantiene paralizada algunas actividades de la poblaci\u00f3n por miedo a ser asesinados, como es el lunes de plaza en San Juan Copala, al que han dejado de asistir los comerciantes de Concepci\u00f3n Carrizal y de La Sabana.<\/p>\n\n\n\n<p>A su vez, los militantes del MULT no quieren transitar por los caminos para ir a comprar los v\u00edveres a la cabecera municipal de Juxtlahuaca, para no ser emboscados, como ocurri\u00f3 el pasado 8 de agosto, cuando muri\u00f3 una compa\u00f1era y dos personas m\u00e1s resultaron heridas, entre ellos el agente municipal de San Juan Copala.<\/p>\n\n\n\n<figure class=\"wp-block-embed is-type-rich is-provider-twitter wp-block-embed-twitter\"><div class=\"wp-block-embed__wrapper\">\n<div class=\"twitter-tweet\"><blockquote class=\"twitter-tweet\" data-lang=\"es\"><p lang=\"es\" dir=\"ltr\">La ola de violencia ha dejado en la zona Triqui 9 asesinados y 4 heridos, adem\u00e1s de 37 ataques armados, denunci\u00f3 el MULT (<a href=\"https:\/\/twitter.com\/siimachumaa?ref_src=twsrc%5Etfw\">@siimachumaa<\/a>).<br>Anunci\u00f3 marcha-caravana a la Ciudad de M\u00e9xico, para pedir al Presidente <a href=\"https:\/\/twitter.com\/lopezobrador_?ref_src=twsrc%5Etfw\">@lopezobrador_<\/a> apoyo ante la grave inseguridad y el nulo di\u00e1logo.\u2026 <a href=\"https:\/\/t.co\/cPubY2Dj9j\">pic.twitter.com\/cPubY2Dj9j<\/a><\/p>&mdash; Zona Roja Oaxaca (@ZonaRoja_Oaxaca) <a href=\"https:\/\/twitter.com\/ZonaRoja_Oaxaca\/status\/1699848419521753541?ref_src=twsrc%5Etfw\">7 de septiembre de 2023<\/a><\/blockquote><\/div>\n<\/div><\/figure>\n","protected":false},"excerpt":{"rendered":"<p>Yuridiana Sosa\/Zona Roja. Oaxaca de Ju\u00e1rez, Oax., a 7 de septiembre de 2023.- Ante la&hellip;<\/p>\n","protected":false},"author":2,"featured_media":59606,"comment_status":"closed","ping_status":"open","sticky":false,"template":"","format":"standard","meta":{"_lmt_disableupdate":"","_lmt_disable":"","_jetpack_memberships_contains_paid_content":false,"footnotes":""},"categories":[109,47],"tags":[2411],"class_list":["post-59605","post","type-post","status-publish","format-standard","has-post-thumbnail","hentry","category-minuto-a-minuto","category-zona-gris","tag-movimiento-de-unificacion-y-lucha-triqui-independiente-multi"],"jetpack_featured_media_url":"https:\/\/zonaroja.com.mx\/wp-content\/uploads\/2023\/09\/Conferencia-de-prensa-MULT.jpg","jetpack_sharing_enabled":true,"_links":{"self":[{"href":"https:\/\/zonaroja.com.mx\/index.php?rest_route=\/wp\/v2\/posts\/59605","targetHints":{"allow":["GET"]}}],"collection":[{"href":"https:\/\/zonaroja.com.mx\/index.php?rest_route=\/wp\/v2\/posts"}],"about":[{"href":"https:\/\/zonaroja.com.mx\/index.php?rest_route=\/wp\/v2\/types\/post"}],"author":[{"embeddable":true,"href":"https:\/\/zonaroja.com.mx\/index.php?rest_route=\/wp\/v2\/users\/2"}],"replies":[{"embeddable":true,"href":"https:\/\/zonaroja.com.mx\/index.php?rest_route=%2Fwp%2Fv2%2Fcomments&post=59605"}],"version-history":[{"count":1,"href":"https:\/\/zonaroja.com.mx\/index.php?rest_route=\/wp\/v2\/posts\/59605\/revisions"}],"predecessor-version":[{"id":59607,"href":"https:\/\/zonaroja.com.mx\/index.php?rest_route=\/wp\/v2\/posts\/59605\/revisions\/59607"}],"wp:featuredmedia":[{"embeddable":true,"href":"https:\/\/zonaroja.com.mx\/index.php?rest_route=\/wp\/v2\/media\/59606"}],"wp:attachment":[{"href":"https:\/\/zonaroja.com.mx\/index.php?rest_route=%2Fwp%2Fv2%2Fmedia&parent=59605"}],"wp:term":[{"taxonomy":"category","embeddable":true,"href":"https:\/\/zonaroja.com.mx\/index.php?rest_route=%2Fwp%2Fv2%2Fcategories&post=59605"},{"taxonomy":"post_tag","embeddable":true,"href":"https:\/\/zonaroja.com.mx\/index.php?rest_route=%2Fwp%2Fv2%2Ftags&post=59605"}],"curies":[{"name":"wp","href":"https:\/\/api.w.org\/{rel}","templated":true}]}}