{"id":59610,"date":"2023-09-07T21:09:11","date_gmt":"2023-09-08T02:09:11","guid":{"rendered":"http:\/\/www.zonaroja.com.mx\/?p=59610"},"modified":"2023-09-07T21:09:16","modified_gmt":"2023-09-08T02:09:16","slug":"denuncian-que-la-rectora-de-la-utvco-uso-porros-contra-estudiantes","status":"publish","type":"post","link":"https:\/\/zonaroja.com.mx\/?p=59610","title":{"rendered":"Denuncian que la rectora de la UTVCO us\u00f3 \u201cporros\u201d contra estudiantes"},"content":{"rendered":"\n<p>Yuridiana Sosa\/Zona Roja.<\/p>\n\n\n\n<p>Oaxaca de Ju\u00e1rez, Oax., a 7 de septiembre de 2023.- El conflicto en la Universidad Tecnol\u00f3gica de los Valles Centrales de Oaxaca (UTVCO) por el despido de 14 docentes y administrativos se agrav\u00f3 este jueves ante la confrontaci\u00f3n de la rectora Tania L\u00f3pez L\u00f3pez con alumnos que bloquearon su acceso a la instituci\u00f3n.<\/p>\n\n\n\n<p>\u201c\u00a1Fuera Tania!, \u00a1Fuera Tania!, \u00a1Fuera Tania!\u201d, \u201c\u00a1UTVCO esta es tu lucha!, \u00a1UTVCO esta es tu lucha!\u201d, fueron las consignas con las que los alumnos de diferentes grados, a excepci\u00f3n de nuevo ingreso, despidieron a la rectora de inmediaciones al acceso a la Universidad.<\/p>\n\n\n\n<p>A nueve d\u00edas de la \u201ctoma\u201d del plantel, primero por parte de los trabajadores afectados, Tania L\u00f3pez, acompa\u00f1ada de un representante de la Secretar\u00eda de Gobierno de Oaxaca y la autoridad de San Pablo Huixtepec, trat\u00f3 de entablar un di\u00e1logo dentro de la Universidad con los alumnos, pero el encuentro fue rechazado.<\/p>\n\n\n\n<p>Los alumnos manifestaron su inconformidad por el despido de docentes con trayectoria y la contrataci\u00f3n de nuevo personal, el cual aseguraron no cuentan con el perfil acad\u00e9mico y profesional para impartir las materias, entre otros temas por mala planeaci\u00f3n acad\u00e9mica en sus horarios.<\/p>\n\n\n\n<p>El rechazo a Tania L\u00f3pez deriv\u00f3 en la falta de atenci\u00f3n para un di\u00e1logo sobre su inconformidad, por lo que argumentaron que, tras varios d\u00edas de protesta, ahora la \u00fanica v\u00eda del di\u00e1logo es con el gobernador Salom\u00f3n Jara.<\/p>\n\n\n\n<p>HECHOS<\/p>\n\n\n\n<p>La calle que conduce al acceso principal de la Universidad fue cerrada por un grupo de estudiantes que colocaron una cuerda y despu\u00e9s formaron una valla humana para reforzar el bloqueo.<\/p>\n\n\n\n<p>Tania L\u00f3pez, acompa\u00f1ada de otras autoridades educativas y municipales \u2014as\u00ed como de un grupo de hombres que formaron parte de su seguridad, presuntos \u201cporros\u201d contratados como golpeadores\u2014, trat\u00f3 de convencer a los j\u00f3venes en m\u00faltiples ocasiones para que desistieran del bloqueo y abrirse paso a la instituci\u00f3n.<\/p>\n\n\n\n<p>Entre sus primeras promesas es que la Universidad seguir\u00e1 con educaci\u00f3n de calidad, pero para abordar mejor sus demandas es necesario entablar la mesa de di\u00e1logo dentro del plantel y les recuerda que d\u00edas atr\u00e1s apenas se hab\u00edan reunido previo al inicio del cuatrimestre este 6 de septiembre, por lo que no comprend\u00eda su nuevo comportamiento.<\/p>\n\n\n\n<figure class=\"wp-block-embed is-type-rich is-provider-twitter wp-block-embed-twitter\"><div class=\"wp-block-embed__wrapper\">\n<div class=\"twitter-tweet\"><blockquote class=\"twitter-tweet\" data-lang=\"es\"><p lang=\"es\" dir=\"ltr\"><a href=\"https:\/\/twitter.com\/hashtag\/%C3%9AltimoMinuto?src=hash&amp;ref_src=twsrc%5Etfw\">#\u00daltimoMinuto<\/a><br>Se complic\u00f3 la situaci\u00f3n en la Universidad Tecnol\u00f3gica de los Valles Centrales de Oaxaca (<a href=\"https:\/\/twitter.com\/utvco?ref_src=twsrc%5Etfw\">@utvco<\/a>).<br>La rectora Tania L\u00f3pez L\u00f3pez (<a href=\"https:\/\/twitter.com\/TaniaLopezXoxo?ref_src=twsrc%5Etfw\">@TaniaLopezXoxo<\/a>) pretendi\u00f3 ingresar al plantel, \u201ctomada\u201d por inconformes desde hace una semana, y fue rechazada entre gritos de repudio\u2026 <a href=\"https:\/\/t.co\/vD3BMKXQ6j\">pic.twitter.com\/vD3BMKXQ6j<\/a><\/p>&mdash; Zona Roja Oaxaca (@ZonaRoja_Oaxaca) <a href=\"https:\/\/twitter.com\/ZonaRoja_Oaxaca\/status\/1699790864602763428?ref_src=twsrc%5Etfw\">7 de septiembre de 2023<\/a><\/blockquote><\/div>\n<\/div><\/figure>\n\n\n\n<p>La propuesta de la rectora fue rechazada ante la falta de confianza, pues los estudiantes aseguraron que lo mismo que dir\u00eda dentro del plantel lo podr\u00eda decir ah\u00ed afuera.<\/p>\n\n\n\n<p>\u201cComo estudiantes no podemos permitir que se hagan arbitrariedades dentro de la instituci\u00f3n. Como representante de los alumnos velamos por nuestros derechos\u201d, manifestaron los inconformes.<\/p>\n\n\n\n<p>Pero L\u00f3pez L\u00f3pez insisti\u00f3 en que si se trataba de cumplir con parte del reglamento, que cuenta con derechos y obligaciones, los alumnos comet\u00edan una falta con su protesta. \u201cEsto les puede afectar\u201d, indic\u00f3, pero de inmediato el colectivo de estudiantes revir\u00f3: \u201c\u00bfEs una amenaza?, \u00bfEs una amenaza?\u201d.<\/p>\n\n\n\n<p>La discusi\u00f3n se hab\u00eda trabado. Nadie cedi\u00f3. La intervenci\u00f3n de la Sego en el conflicto s\u00f3lo sirvi\u00f3 de mensajer\u00eda para demandar una mesa de di\u00e1logo con Jara Cruz, pues con L\u00f3pez L\u00f3pez no hab\u00eda nada m\u00e1s que tratar.<\/p>\n\n\n\n<p>De pronto, los empujones comenzaron entre los alumnos y la gente que acompa\u00f1aba a Tania L\u00f3pez, quienes intentaron romper el cerco, pero no lo lograron.<\/p>\n\n\n\n<p>\u201c\u00a1Fuera Tania!, \u00a1Fuera Tania!, \u00a1Fuera Tania!\u201d, \u201c\u00a1UTVCO esta es tu lucha!,\u00a1UTVCO esta es tu lucha!\u201d, gritaron los alumnos, mientras Tania L\u00f3pez se retiraba del lugar.<\/p>\n\n\n\n<p>Alumnos de nuevo ingreso s\u00f3lo fueron observadores de los hechos, desconcertados de lo que ocurr\u00eda permanecieron parados frente al bloqueo.<\/p>\n\n\n\n<p>UTILIZAN A ALUMNOS<\/p>\n\n\n\n<p>La rectora de la UTVCO, Tania L\u00f3pez, se\u00f1al\u00f3 que los trabajadores despedidos (siete docentes y siete administrativos) utilizan a los alumnos para reforzar su protesta, con lo que rompieron la mesa di\u00e1logo programada para este jueves a las 13:00 horas.<\/p>\n\n\n\n<p>Ante los hechos de la ma\u00f1ana, la rectora responsabiliz\u00f3 a los ex trabajadores que tienen \u201ctomada\u201d la universidad de cualquier confrontaci\u00f3n entre alumnos y las personas que quieran ingresar a la instituci\u00f3n.<\/p>\n\n\n\n<p>Respecto al inicio del cuatrimestre, dijo que el curso escolar est\u00e1 en marcha y el incidente ser\u00e1 reportado a las instancias acad\u00e9micas correspondientes a nivel nacional para demostrar que no se trata de un asunto acad\u00e9mico lo que tiene en conflicto a la instituci\u00f3n.<\/p>\n\n\n\n<p>Son unos 613 alumnos de nuevo ingreso y otros m\u00e1s de mil 50 alumnos de diferentes grados que actualmente se encuentran en la incertidumbre de la continuaci\u00f3n de clases.<\/p>\n","protected":false},"excerpt":{"rendered":"<p>Yuridiana Sosa\/Zona Roja. Oaxaca de Ju\u00e1rez, Oax., a 7 de septiembre de 2023.- El conflicto&hellip;<\/p>\n","protected":false},"author":2,"featured_media":59611,"comment_status":"closed","ping_status":"open","sticky":false,"template":"","format":"standard","meta":{"_lmt_disableupdate":"","_lmt_disable":"","_jetpack_memberships_contains_paid_content":false,"footnotes":""},"categories":[109,47],"tags":[3663],"class_list":["post-59610","post","type-post","status-publish","format-standard","has-post-thumbnail","hentry","category-minuto-a-minuto","category-zona-gris","tag-universidad-tecnologica-de-los-valles-centrales-utvco"],"jetpack_featured_media_url":"https:\/\/zonaroja.com.mx\/wp-content\/uploads\/2023\/09\/Protesta-UTVCO-rectora.jpg","jetpack_sharing_enabled":true,"_links":{"self":[{"href":"https:\/\/zonaroja.com.mx\/index.php?rest_route=\/wp\/v2\/posts\/59610","targetHints":{"allow":["GET"]}}],"collection":[{"href":"https:\/\/zonaroja.com.mx\/index.php?rest_route=\/wp\/v2\/posts"}],"about":[{"href":"https:\/\/zonaroja.com.mx\/index.php?rest_route=\/wp\/v2\/types\/post"}],"author":[{"embeddable":true,"href":"https:\/\/zonaroja.com.mx\/index.php?rest_route=\/wp\/v2\/users\/2"}],"replies":[{"embeddable":true,"href":"https:\/\/zonaroja.com.mx\/index.php?rest_route=%2Fwp%2Fv2%2Fcomments&post=59610"}],"version-history":[{"count":1,"href":"https:\/\/zonaroja.com.mx\/index.php?rest_route=\/wp\/v2\/posts\/59610\/revisions"}],"predecessor-version":[{"id":59612,"href":"https:\/\/zonaroja.com.mx\/index.php?rest_route=\/wp\/v2\/posts\/59610\/revisions\/59612"}],"wp:featuredmedia":[{"embeddable":true,"href":"https:\/\/zonaroja.com.mx\/index.php?rest_route=\/wp\/v2\/media\/59611"}],"wp:attachment":[{"href":"https:\/\/zonaroja.com.mx\/index.php?rest_route=%2Fwp%2Fv2%2Fmedia&parent=59610"}],"wp:term":[{"taxonomy":"category","embeddable":true,"href":"https:\/\/zonaroja.com.mx\/index.php?rest_route=%2Fwp%2Fv2%2Fcategories&post=59610"},{"taxonomy":"post_tag","embeddable":true,"href":"https:\/\/zonaroja.com.mx\/index.php?rest_route=%2Fwp%2Fv2%2Ftags&post=59610"}],"curies":[{"name":"wp","href":"https:\/\/api.w.org\/{rel}","templated":true}]}}