{"id":59613,"date":"2023-09-07T22:05:08","date_gmt":"2023-09-08T03:05:08","guid":{"rendered":"http:\/\/www.zonaroja.com.mx\/?p=59613"},"modified":"2023-09-07T22:05:10","modified_gmt":"2023-09-08T03:05:10","slug":"autoridades-serranas-exigen-desde-hace-seis-meses-pavimentacion-en-caminos","status":"publish","type":"post","link":"https:\/\/zonaroja.com.mx\/?p=59613","title":{"rendered":"Autoridades serranas exigen desde hace seis meses pavimentaci\u00f3n en caminos"},"content":{"rendered":"\n<p>Yuridiana Sosa\/Zona Roja.<\/p>\n\n\n\n<p>Oaxaca de Ju\u00e1rez, Oax., a 7 de septiembre de 2023.- Autoridades municipales de la Sierra de Ju\u00e1rez demandaron atenci\u00f3n del gobernador Salom\u00f3n Jara Cruz, ante la desatenci\u00f3n que han tenido por parte de la Secretar\u00eda de Gobierno para escuchar y resolver sus demandas de infraestructura en caminos.<\/p>\n\n\n\n<p>Los integrantes de la denominada microrregi\u00f3n \u201cUni\u00f3n Fuerza y Trabajo\u201d denunciaron que desde hace aproximadamente seis meses han realizado diversos escritos y procedimientos que autoridades del gobierno del estado les demanda para recibir y cumplir con sus peticiones.<\/p>\n\n\n\n<p>La exigencia es el revestimiento en pavimento de caminos principales y que conectan a una docena de poblaciones, algunos de estos los que van de San Juan del Estado a San Miguel Aloapan, que son unos 21 kil\u00f3metros y a San Miguel Manialtepec.<\/p>\n\n\n\n<p>Para ser beneficiarios, las autoridades municipales y comunitarias han cumplido hasta con la realizaci\u00f3n de estudios topogr\u00e1ficos, pero pese a eso no han tenido ninguna respuesta, y la documentaci\u00f3n realizada desde marzo ha sido en vano.<\/p>\n\n\n\n<p>Hartos de ser ignorados, las autoridades de San Juan del Estado, San Miguel Aloapan, Abejones, Santa Ana Yareni, Teococuilco de Marcos P\u00e9rez, Nuevo Zoquiapam, San Isidro Aloapan , Manialtepec, Carrizal y Yolox, entre otras, exigen la intervenci\u00f3n inmediata del mandatario estatal, antes que inicie el cierre del ejercicio fiscal 2023.<\/p>\n\n\n\n<p>De no tener respuesta, las asambleas comunitarias han determinado realizar bloqueos carreteros para ser escuchados y que el gobierno federal se entere de lo que ocurre en la Sierra de Ju\u00e1rez, en donde el recurso para las comunidades es insuficiente para que las autoridades locales por s\u00ed solas atiendan esta necesidad.<\/p>\n\n\n\n<p>Los principales caminos afectados con los bloqueos se prev\u00e9n en inmediaciones de San Juan del Estado y en San Miguel Manialtepec, sin descartar que otras comunidades se unan a la manifestaci\u00f3n.<\/p>\n\n\n\n<p>Los caminos, apunt\u00f3 la Uni\u00f3n, son de primordial importancia para las poblaciones debido a que pueden transportar de manera m\u00e1s f\u00e1cil sus productos agr\u00edcolas para la venta en la capital del estado, adem\u00e1s de los relacionados a la atenci\u00f3n m\u00e9dica y otras necesidades b\u00e1sicas.<\/p>\n\n\n\n<p>Entre otras necesidades que mencionaron es la construcci\u00f3n de un Banco Bienestar para las comunidades que integran la microrregi\u00f3n.<\/p>\n\n\n\n<p>Los inconformes confiaron en que Jara Cruz pronto pueda recibirlos, de lo contrario las asambleas comunitarias decidir\u00e1n las siguientes acciones.<\/p>\n\n\n\n<figure class=\"wp-block-embed is-type-rich is-provider-twitter wp-block-embed-twitter\"><div class=\"wp-block-embed__wrapper\">\n<div class=\"twitter-tweet\"><blockquote class=\"twitter-tweet\" data-lang=\"es\"><p lang=\"es\" dir=\"ltr\">En conferencia de prensa, autoridades municipales de la Sierra de Ju\u00e1rez, denunciaron a diversas dependencias del <a href=\"https:\/\/twitter.com\/GobOax?ref_src=twsrc%5Etfw\">@goboax<\/a> por la omisi\u00f3n para atender m\u00faltiples demandas de infraestructura.<br>Ante ello anunciaron bloqueos a dos carreteras a la zona, en caso de no ser atendidos. <a href=\"https:\/\/t.co\/E4cQ4R9Agb\">pic.twitter.com\/E4cQ4R9Agb<\/a><\/p>&mdash; Zona Roja Oaxaca (@ZonaRoja_Oaxaca) <a href=\"https:\/\/twitter.com\/ZonaRoja_Oaxaca\/status\/1699851513026474167?ref_src=twsrc%5Etfw\">7 de septiembre de 2023<\/a><\/blockquote><\/div>\n<\/div><\/figure>\n","protected":false},"excerpt":{"rendered":"<p>Yuridiana Sosa\/Zona Roja. Oaxaca de Ju\u00e1rez, Oax., a 7 de septiembre de 2023.- Autoridades municipales&hellip;<\/p>\n","protected":false},"author":2,"featured_media":59614,"comment_status":"closed","ping_status":"open","sticky":false,"template":"","format":"standard","meta":{"_lmt_disableupdate":"","_lmt_disable":"","_jetpack_memberships_contains_paid_content":false,"footnotes":""},"categories":[109,47],"tags":[],"class_list":["post-59613","post","type-post","status-publish","format-standard","has-post-thumbnail","hentry","category-minuto-a-minuto","category-zona-gris"],"jetpack_featured_media_url":"https:\/\/zonaroja.com.mx\/wp-content\/uploads\/2023\/09\/Conferencia-de-prensa-autoridades-de-la-Sierra-de-Juarez.jpg","jetpack_sharing_enabled":true,"_links":{"self":[{"href":"https:\/\/zonaroja.com.mx\/index.php?rest_route=\/wp\/v2\/posts\/59613","targetHints":{"allow":["GET"]}}],"collection":[{"href":"https:\/\/zonaroja.com.mx\/index.php?rest_route=\/wp\/v2\/posts"}],"about":[{"href":"https:\/\/zonaroja.com.mx\/index.php?rest_route=\/wp\/v2\/types\/post"}],"author":[{"embeddable":true,"href":"https:\/\/zonaroja.com.mx\/index.php?rest_route=\/wp\/v2\/users\/2"}],"replies":[{"embeddable":true,"href":"https:\/\/zonaroja.com.mx\/index.php?rest_route=%2Fwp%2Fv2%2Fcomments&post=59613"}],"version-history":[{"count":1,"href":"https:\/\/zonaroja.com.mx\/index.php?rest_route=\/wp\/v2\/posts\/59613\/revisions"}],"predecessor-version":[{"id":59615,"href":"https:\/\/zonaroja.com.mx\/index.php?rest_route=\/wp\/v2\/posts\/59613\/revisions\/59615"}],"wp:featuredmedia":[{"embeddable":true,"href":"https:\/\/zonaroja.com.mx\/index.php?rest_route=\/wp\/v2\/media\/59614"}],"wp:attachment":[{"href":"https:\/\/zonaroja.com.mx\/index.php?rest_route=%2Fwp%2Fv2%2Fmedia&parent=59613"}],"wp:term":[{"taxonomy":"category","embeddable":true,"href":"https:\/\/zonaroja.com.mx\/index.php?rest_route=%2Fwp%2Fv2%2Fcategories&post=59613"},{"taxonomy":"post_tag","embeddable":true,"href":"https:\/\/zonaroja.com.mx\/index.php?rest_route=%2Fwp%2Fv2%2Ftags&post=59613"}],"curies":[{"name":"wp","href":"https:\/\/api.w.org\/{rel}","templated":true}]}}