{"id":5962,"date":"2019-11-22T07:46:12","date_gmt":"2019-11-22T13:46:12","guid":{"rendered":"http:\/\/www.zonaroja.com.mx\/?p=5962"},"modified":"2019-11-22T07:46:16","modified_gmt":"2019-11-22T13:46:16","slug":"denuncian-que-una-mujer-murio-en-pasillos-del-hospital-civil-por-desatencion","status":"publish","type":"post","link":"https:\/\/zonaroja.com.mx\/?p=5962","title":{"rendered":"Denuncian que una mujer muri\u00f3 en pasillos del Hospital Civil, por desatenci\u00f3n"},"content":{"rendered":"\n<p>Ismael Garc\u00eda M.\/Zona Roja.<\/p>\n\n\n\n<p>Oaxaca de Ju\u00e1rez, Oax., 22 de noviembre\nde 2019.- Una mujer perdi\u00f3 la vida ayer por la tarde en los pasillos del\nHospital General \u201cDr. Aurelio Valdivieso\u201d de la ciudad de Oaxaca, por falta de\natenci\u00f3n m\u00e9dica oportuna, en los momentos que iba a parir.<\/p>\n\n\n\n<p>De acuerdo con la denuncia de los\npropios familiares, se trata de Eulalia Ferm\u00edn Secundino, de 36 a\u00f1os de edad, originaria\nde la comunidad de Zompantle, del municipio de Asunci\u00f3n Cacalotepec, en la\nregi\u00f3n Sierra Ju\u00e1rez de Oaxaca.<\/p>\n\n\n\n<p>Seg\u00fan refieren, la mujer lleg\u00f3 para ser\natendida por parto, pero las camillas estaban saturadas por lo que la tuvieron\nesperando en el pasillo; no obstante, la tard\u00eda atenci\u00f3n origin\u00f3 que perdiera\nla vida. Tras ello, los m\u00e9dicos extrajeron al beb\u00e9.<\/p>\n\n\n\n<p>Eulalia Ferm\u00edn dej\u00f3 en la orfandad a cinco\nhijos, incluyendo al reci\u00e9n nacido; debido a sus precarias condiciones\necon\u00f3micas, conocidos gestionaron un ata\u00fad para que fuera trasladada a su\ncomunidad.<\/p>\n","protected":false},"excerpt":{"rendered":"<p>Ismael Garc\u00eda M.\/Zona Roja. Oaxaca de Ju\u00e1rez, Oax., 22 de noviembre de 2019.- Una mujer&hellip;<\/p>\n","protected":false},"author":2,"featured_media":5963,"comment_status":"closed","ping_status":"open","sticky":false,"template":"","format":"standard","meta":{"_lmt_disableupdate":"","_lmt_disable":"","_jetpack_memberships_contains_paid_content":false,"footnotes":""},"categories":[109,51],"tags":[781],"class_list":["post-5962","post","type-post","status-publish","format-standard","has-post-thumbnail","hentry","category-minuto-a-minuto","category-zona-roja","tag-hospital-civil-dr-aurelio-valdivieso-de-oaxaca"],"jetpack_featured_media_url":"https:\/\/zonaroja.com.mx\/wp-content\/uploads\/2019\/11\/Fallecida-Hospital-Civil.jpg","jetpack_sharing_enabled":true,"_links":{"self":[{"href":"https:\/\/zonaroja.com.mx\/index.php?rest_route=\/wp\/v2\/posts\/5962","targetHints":{"allow":["GET"]}}],"collection":[{"href":"https:\/\/zonaroja.com.mx\/index.php?rest_route=\/wp\/v2\/posts"}],"about":[{"href":"https:\/\/zonaroja.com.mx\/index.php?rest_route=\/wp\/v2\/types\/post"}],"author":[{"embeddable":true,"href":"https:\/\/zonaroja.com.mx\/index.php?rest_route=\/wp\/v2\/users\/2"}],"replies":[{"embeddable":true,"href":"https:\/\/zonaroja.com.mx\/index.php?rest_route=%2Fwp%2Fv2%2Fcomments&post=5962"}],"version-history":[{"count":1,"href":"https:\/\/zonaroja.com.mx\/index.php?rest_route=\/wp\/v2\/posts\/5962\/revisions"}],"predecessor-version":[{"id":5964,"href":"https:\/\/zonaroja.com.mx\/index.php?rest_route=\/wp\/v2\/posts\/5962\/revisions\/5964"}],"wp:featuredmedia":[{"embeddable":true,"href":"https:\/\/zonaroja.com.mx\/index.php?rest_route=\/wp\/v2\/media\/5963"}],"wp:attachment":[{"href":"https:\/\/zonaroja.com.mx\/index.php?rest_route=%2Fwp%2Fv2%2Fmedia&parent=5962"}],"wp:term":[{"taxonomy":"category","embeddable":true,"href":"https:\/\/zonaroja.com.mx\/index.php?rest_route=%2Fwp%2Fv2%2Fcategories&post=5962"},{"taxonomy":"post_tag","embeddable":true,"href":"https:\/\/zonaroja.com.mx\/index.php?rest_route=%2Fwp%2Fv2%2Ftags&post=5962"}],"curies":[{"name":"wp","href":"https:\/\/api.w.org\/{rel}","templated":true}]}}