{"id":59621,"date":"2023-09-08T08:14:48","date_gmt":"2023-09-08T13:14:48","guid":{"rendered":"http:\/\/www.zonaroja.com.mx\/?p=59621"},"modified":"2023-09-08T08:33:51","modified_gmt":"2023-09-08T13:33:51","slug":"se-agrava-la-crisis-en-el-hospital-civil-de-oaxaca","status":"publish","type":"post","link":"https:\/\/zonaroja.com.mx\/?p=59621","title":{"rendered":"Se agrava la crisis en el Hospital Civil de Oaxaca"},"content":{"rendered":"\n<p>Ismael Garc\u00eda M.\/Zona Roja. Fotos: Jorge Luis Plata<\/p>\n\n\n\n<p>Oaxaca de Ju\u00e1rez, Oax., a 8 de septiembre de 2023.- El resguardo de un reci\u00e9n nacido en una caja de cart\u00f3n y no en un cunero s\u00f3lo exhibi\u00f3 las m\u00faltiples carencias del Hospital General \u201cDr. Aurelio Valdivieso\u201d de Oaxaca.<\/p>\n\n\n\n<p>Desde hace varios lustros, el nosocomio m\u00e1s importante del estado registra severas deficiencias, as\u00ed como una p\u00e9sima atenci\u00f3n, y pese a lo cual los directivos cobran altas cuotas a los pacientes, en su mayor\u00eda de escasos recursos econ\u00f3micos.<\/p>\n\n\n\n<p>Al inicio de esta semana, el director del Hospital Civil, Bernardo Herrera Ju\u00e1rez dijo que desde enero se trabaja en la reestructuraci\u00f3n del nosocomio para mejorar los servicios y dar atenci\u00f3n m\u00e9dica de calidad y digna a la poblaci\u00f3n.<\/p>\n\n\n\n<p>Sin embargo, ni trabajadores ni usuarios han visto cambios en la atenci\u00f3n y, por el contrario, la situaci\u00f3n se agrava, ante la indolencia de la titular de los Servicios de Salud de Oaxaca, Alma Lilia Velasco.<\/p>\n\n\n\n<p>EN CAJA DE CART\u00d3N<\/p>\n\n\n\n<p>La situaci\u00f3n se agrav\u00f3 el pasado domingo cuando fue colocado un reci\u00e9n nacido en una caja de cart\u00f3n, en lugar de atenderlo en un cunero; la imagen se difundi\u00f3 masivamente; \u201cno dur\u00f3 ni 30 minutos\u201d en ese espacio, justific\u00f3 la autoridad del hospital.<\/p>\n\n\n\n<p>Seg\u00fan declar\u00f3 Ernesto Salcedo, director del \u00e1rea de Pediatr\u00eda, que tanto el \u00e1rea de Oncocirug\u00eda como la de Ginecobstetricia se encuentran rebasadas en capacidad de atenci\u00f3n.<\/p>\n\n\n\n<p>El gobierno de Oaxaca inform\u00f3 que de inmediato, por orden del gobernador Salom\u00f3n Jara Cruz, se destituy\u00f3 al subdirector del Hospital Civil, as\u00ed como al encargado de pediatr\u00eda, pero no hay proceso legal en contra de ellos.<\/p>\n\n\n\n<p>En un comunicado de prensa, detall\u00f3 que el director del Hospital Civil \u201cDr. Aurelio Valdivieso\u201d, Bernardo Herrera Ju\u00e1rez, inform\u00f3 que el Gobierno del Estado y los Servicios de Salud de Oaxaca (SSO) trabajan para mejorar las condiciones del nosocomio y dar una atenci\u00f3n digna a pacientes y reci\u00e9n nacidos.<\/p>\n\n\n\n<p>Herrera Ju\u00e1rez dijo que, aun cuando hay sobrecarga de trabajo por el crecimiento poblacional, el Hospital Civil no ha sido rebasado y siempre hay espacios, cunas t\u00e9rmicas y bacinetes para la atenci\u00f3n adecuada y digna de reci\u00e9n nacidos.<\/p>\n\n\n\n<p>Por ello, explic\u00f3 que fue una decisi\u00f3n unilateral e irresponsable que el m\u00e9dico con experiencia y subdirector de la guardia especial de fin de semana haya decidido entregar una caja de cart\u00f3n a solicitud de una pediatra para colocar a un reci\u00e9n nacido.<\/p>\n\n\n\n<p>Manifest\u00f3 que se tom\u00f3 la decisi\u00f3n de destituir al m\u00e9dico y se investiga la situaci\u00f3n, porque la saturaci\u00f3n no llega al grado de justificar los hechos acontecidos el domingo 3 de septiembre.<\/p>\n\n\n\n<p>Se\u00f1al\u00f3 que, de acuerdo con la narraci\u00f3n del m\u00e9dico, a petici\u00f3n de la pediatra, tom\u00f3 la decisi\u00f3n unilateral de llevar la caja de cart\u00f3n para colocar al beb\u00e9 a pesar de que hab\u00eda incubadoras de traslado y bacinetes, un total de cinco desocupados.<\/p>\n\n\n\n<p>\u201cLa explicaci\u00f3n de la doctora es que era la mejor opci\u00f3n porque guardaba mejor el calor que el bacinete, que es una cuna con calor radiante que se coloca en estos espacios, y que la medida iba a ser de manera transitoria\u201d, pero hab\u00eda los medios para tener al beb\u00e9 en una mejor condici\u00f3n, recalc\u00f3.<\/p>\n\n\n\n<p>\u201cSuponemos que ella (la pediatra) por la presi\u00f3n del trabajo decidi\u00f3 pedirle esa caja de cart\u00f3n\u201d, abund\u00f3.<\/p>\n\n\n\n<p>SIGUE CRISIS<\/p>\n\n\n\n<p>No obstante, ese es apenas la punta de la problem\u00e1tica que persiste en el Hospital Civil, aunado a la grave saturaci\u00f3n y la permanente falta de espacios para atender a la poblaci\u00f3n; incluso en diversas ocasiones han rechazado a pacientes.<\/p>\n\n\n\n<p>Recientemente se realiz\u00f3 un recorrido por el interior del nosocomio, ubicado en la colonia Reforma de la capital, donde el personal exhibi\u00f3 m\u00faltiples deficiencias adem\u00e1s de mostrar el material y equipo de baja calidad, cuneros que se sostienen amarrados con vendaje y un sistema de lavander\u00eda deficiente.<\/p>\n\n\n\n<p>Desde junio de 2022, decenas de trabajadores del Hospital Civil han protestado para exhibir las carencias en las que operan en el hospital, uno de los m\u00e1s importantes de los Servicios de Salud en la entidad.<\/p>\n\n\n\n<p>En esa ocasi\u00f3n, cerraron durante un par de d\u00edas varias vialidades aleda\u00f1as a la cl\u00ednica con camillas descompuestas, ambulancias y s\u00e1banas, detall\u00f3 el diario \u201cReforma\u201d.<\/p>\n\n\n\n<p>El broche de oro: la Subvenci\u00f3n 07 de la Secci\u00f3n 35 del Sindicato Nacional de Trabajadores de la Secretar\u00eda de Salud rechaz\u00f3 los se\u00f1alamientos hacia el personal m\u00e9dico en el Hospital Civil e incluso pidi\u00f3 a los Servicios de Salud ofrezca una disculpa p\u00fablica.<\/p>\n\n\n\n<p>\u201cComo representaci\u00f3n sindical no permitiremos por ning\u00fan motivo que se quiera fincar responsabilidad a los trabajadores por la atenci\u00f3n m\u00e9dica limitada que se pueda proporcionar a los pacientes resultado de la carencia de insumos y equipo&nbsp; m\u00e9dico y no por la gran capacidad de atenci\u00f3n que se presta en nuestro hospital por parte del personal con lo poco que se tiene\u201d, dijo en un comunicado del 5 de septiembre el comit\u00e9 sindical que encabeza Marcos G\u00f3mez Cruz.<\/p>\n\n\n\n<p>En tanto, el propio personal y los directivos, contin\u00faan cobrando altas cuotas para la atenci\u00f3n m\u00e9dica de pacientes, de escasos recursos econ\u00f3micos y provenientes de comunidades ind\u00edgenas, sin que se entere el ingreso a la Secretar\u00eda de Finanzas estatal.<\/p>\n","protected":false},"excerpt":{"rendered":"<p>Ismael Garc\u00eda M.\/Zona Roja. Fotos: Jorge Luis Plata Oaxaca de Ju\u00e1rez, Oax., a 8 de&hellip;<\/p>\n","protected":false},"author":2,"featured_media":59624,"comment_status":"closed","ping_status":"open","sticky":false,"template":"","format":"standard","meta":{"_lmt_disableupdate":"","_lmt_disable":"","_jetpack_memberships_contains_paid_content":false,"footnotes":""},"categories":[1],"tags":[781],"class_list":["post-59621","post","type-post","status-publish","format-standard","has-post-thumbnail","hentry","category-sin-categoria","tag-hospital-civil-dr-aurelio-valdivieso-de-oaxaca"],"jetpack_featured_media_url":"https:\/\/zonaroja.com.mx\/wp-content\/uploads\/2023\/09\/Carencias-Hospital-Civil-Oaxaca.jpg","jetpack_sharing_enabled":true,"_links":{"self":[{"href":"https:\/\/zonaroja.com.mx\/index.php?rest_route=\/wp\/v2\/posts\/59621","targetHints":{"allow":["GET"]}}],"collection":[{"href":"https:\/\/zonaroja.com.mx\/index.php?rest_route=\/wp\/v2\/posts"}],"about":[{"href":"https:\/\/zonaroja.com.mx\/index.php?rest_route=\/wp\/v2\/types\/post"}],"author":[{"embeddable":true,"href":"https:\/\/zonaroja.com.mx\/index.php?rest_route=\/wp\/v2\/users\/2"}],"replies":[{"embeddable":true,"href":"https:\/\/zonaroja.com.mx\/index.php?rest_route=%2Fwp%2Fv2%2Fcomments&post=59621"}],"version-history":[{"count":2,"href":"https:\/\/zonaroja.com.mx\/index.php?rest_route=\/wp\/v2\/posts\/59621\/revisions"}],"predecessor-version":[{"id":59632,"href":"https:\/\/zonaroja.com.mx\/index.php?rest_route=\/wp\/v2\/posts\/59621\/revisions\/59632"}],"wp:featuredmedia":[{"embeddable":true,"href":"https:\/\/zonaroja.com.mx\/index.php?rest_route=\/wp\/v2\/media\/59624"}],"wp:attachment":[{"href":"https:\/\/zonaroja.com.mx\/index.php?rest_route=%2Fwp%2Fv2%2Fmedia&parent=59621"}],"wp:term":[{"taxonomy":"category","embeddable":true,"href":"https:\/\/zonaroja.com.mx\/index.php?rest_route=%2Fwp%2Fv2%2Fcategories&post=59621"},{"taxonomy":"post_tag","embeddable":true,"href":"https:\/\/zonaroja.com.mx\/index.php?rest_route=%2Fwp%2Fv2%2Ftags&post=59621"}],"curies":[{"name":"wp","href":"https:\/\/api.w.org\/{rel}","templated":true}]}}