{"id":59626,"date":"2023-09-08T09:30:00","date_gmt":"2023-09-08T14:30:00","guid":{"rendered":"http:\/\/www.zonaroja.com.mx\/?p=59626"},"modified":"2023-09-08T08:17:54","modified_gmt":"2023-09-08T13:17:54","slug":"cede-amlo-mando-morenista-a-claudia-sheinbaum","status":"publish","type":"post","link":"https:\/\/zonaroja.com.mx\/?p=59626","title":{"rendered":"Cede AMLO mando morenista a Claudia Sheinbaum"},"content":{"rendered":"\n<p>Redacci\u00f3n\/Zona Roja Cdmx.<\/p>\n\n\n\n<p>Ciudad de M\u00e9xico, a 8 de septiembre de 2023.- Con el Templo Mayor de fondo y empu\u00f1ando el bast\u00f3n de mando que representa el compromiso de la Cuarta Transformaci\u00f3n con los Pueblos Originarios de M\u00e9xico,&nbsp;Claudia Sheinbaum recibi\u00f3 de manos del Presidente Andr\u00e9s Manuel L\u00f3pez Obrador, el bast\u00f3n de mando como dirigente del movimiento transformador, luego de ser nombrada como Coordinadora Nacional de la Defensa de la Cuarta Transformaci\u00f3n.<\/p>\n\n\n\n<p>\u201cTomo este bast\u00f3n de mando, representaci\u00f3n de los valores m\u00e1s profundos de nuestra historia viva, de los pueblos ind\u00edgenas. Lo tomo con orgullo, compromiso y con humildad, pero con la plena responsabilidad de continuar con el rumbo trazado por nuestro pueblo el de la Transformaci\u00f3n que ha iniciado el presidente Andr\u00e9s Manuel L\u00f3pez Obrador\u201d.<\/p>\n\n\n\n<p>La noche de este jueves 7 de septiembre, tras recibir este s\u00edmbolo, Sheinbaum Pardo asegur\u00f3 que el siguiente paso de la Transformaci\u00f3n es continuar en unidad.<\/p>\n\n\n\n<p>\u201cTengan la certeza que voy a estar a la altura de las circunstancias, que vamos a caminar juntos y juntas en unidad y que jam\u00e1s traicionar\u00e9 el anhelo de seguir construyendo un M\u00e9xico a\u00fan m\u00e1s justo, fraterno, soberano, libre y democr\u00e1tico\u2019\u2019.<\/p>\n\n\n\n<p>Acompa\u00f1ada de gobernadores y militantes de Morena, la Coordinadora Nacional de la Defensa de la Transformaci\u00f3n, recibi\u00f3 en un evento privado este s\u00edmbolo y m\u00e1s tarde, sali\u00f3 a las afueras del restaurante El Mayor a dar un discurso a los simpatizantes que estaban a la espera de unas palabras.&nbsp;<\/p>\n\n\n\n<p>Pasadas las ocho de la noche, la exjefa de Gobierno de la Ciudad de M\u00e9xico agradeci\u00f3 al dirigente del movimiento, el presidente L\u00f3pez Obrador por su \u201cliderazgo incansable\u2019\u2019 y reiter\u00f3 que su misi\u00f3n en busca de la candidatura como aspirante a ser la primera mujer presidenta de M\u00e9xico ser\u00e1 \u201cjam\u00e1s mentir, jam\u00e1s robar y jam\u00e1s traicionar al pueblo de M\u00e9xico\u2019\u2019.<\/p>\n\n\n\n<p>(Informaci\u00f3n de SPR Informa)<\/p>\n","protected":false},"excerpt":{"rendered":"<p>Redacci\u00f3n\/Zona Roja Cdmx. Ciudad de M\u00e9xico, a 8 de septiembre de 2023.- Con el Templo&hellip;<\/p>\n","protected":false},"author":2,"featured_media":59627,"comment_status":"closed","ping_status":"open","sticky":false,"template":"","format":"standard","meta":{"_lmt_disableupdate":"","_lmt_disable":"","_jetpack_memberships_contains_paid_content":false,"footnotes":""},"categories":[109,46],"tags":[143],"class_list":["post-59626","post","type-post","status-publish","format-standard","has-post-thumbnail","hentry","category-minuto-a-minuto","category-zona-blanca","tag-andres-manuel-lopez-obrador"],"jetpack_featured_media_url":"https:\/\/zonaroja.com.mx\/wp-content\/uploads\/2023\/09\/Lopez-Obrador-y-Claudia-Sheinbaum.jpeg","jetpack_sharing_enabled":true,"_links":{"self":[{"href":"https:\/\/zonaroja.com.mx\/index.php?rest_route=\/wp\/v2\/posts\/59626","targetHints":{"allow":["GET"]}}],"collection":[{"href":"https:\/\/zonaroja.com.mx\/index.php?rest_route=\/wp\/v2\/posts"}],"about":[{"href":"https:\/\/zonaroja.com.mx\/index.php?rest_route=\/wp\/v2\/types\/post"}],"author":[{"embeddable":true,"href":"https:\/\/zonaroja.com.mx\/index.php?rest_route=\/wp\/v2\/users\/2"}],"replies":[{"embeddable":true,"href":"https:\/\/zonaroja.com.mx\/index.php?rest_route=%2Fwp%2Fv2%2Fcomments&post=59626"}],"version-history":[{"count":1,"href":"https:\/\/zonaroja.com.mx\/index.php?rest_route=\/wp\/v2\/posts\/59626\/revisions"}],"predecessor-version":[{"id":59628,"href":"https:\/\/zonaroja.com.mx\/index.php?rest_route=\/wp\/v2\/posts\/59626\/revisions\/59628"}],"wp:featuredmedia":[{"embeddable":true,"href":"https:\/\/zonaroja.com.mx\/index.php?rest_route=\/wp\/v2\/media\/59627"}],"wp:attachment":[{"href":"https:\/\/zonaroja.com.mx\/index.php?rest_route=%2Fwp%2Fv2%2Fmedia&parent=59626"}],"wp:term":[{"taxonomy":"category","embeddable":true,"href":"https:\/\/zonaroja.com.mx\/index.php?rest_route=%2Fwp%2Fv2%2Fcategories&post=59626"},{"taxonomy":"post_tag","embeddable":true,"href":"https:\/\/zonaroja.com.mx\/index.php?rest_route=%2Fwp%2Fv2%2Ftags&post=59626"}],"curies":[{"name":"wp","href":"https:\/\/api.w.org\/{rel}","templated":true}]}}