{"id":59629,"date":"2023-09-08T10:30:00","date_gmt":"2023-09-08T15:30:00","guid":{"rendered":"http:\/\/www.zonaroja.com.mx\/?p=59629"},"modified":"2023-09-08T08:32:55","modified_gmt":"2023-09-08T13:32:55","slug":"captura-fiscalia-a-presunto-integrante-del-crimen-organizado-en-el-istmo","status":"publish","type":"post","link":"https:\/\/zonaroja.com.mx\/?p=59629","title":{"rendered":"Captura Fiscal\u00eda a presunto integrante del crimen organizado en el Istmo"},"content":{"rendered":"\n<p>Redacci\u00f3n\/Zona Roja.<\/p>\n\n\n\n<p>Oaxaca de Ju\u00e1rez, Oax., a 8 de septiembre de 2023.- La Fiscal\u00eda General del Estado de Oaxaca (FGEO) detuvo a uno de los principales objetivos generadores de violencia en el Istmo de Tehuantepec, se trata de la persona del sexo masculino identificada como A.M.Z., quien fue detenido por elementos de la Agencia Estatal de Investigaciones (AEI), al identificarlo como uno de los principales generadores de violencia en la regi\u00f3n.<\/p>\n\n\n\n<p>Como resultado del trabajo de inteligencia en campo realizado por la FGEO, se reunieron los elementos de prueba suficientes para que un Juez otorgara la orden de cateo n\u00famero 84\/2023, por lo que un equipo multidisciplinario realiz\u00f3 el operativo.<\/p>\n\n\n\n<p>Encabezados por elementos de la AEI, un grupo especializado dio cumplimiento a la orden judicial en un domicilio particular ubicado en la localidad de Almoloya de Guti\u00e9rrez, situada en el municipio de El Barrio de la Soledad.<\/p>\n\n\n\n<p>Luego del despliegue policial se logr\u00f3 la detenci\u00f3n de A.M.Z., as\u00ed como de un arma de fuego, cartuchos \u00fatiles y diversas dosis de la droga conocida como cristal, por lo que, tanto la persona como los objetos asegurados fueron puestos a disposici\u00f3n de la autoridad ministerial para determinar su situaci\u00f3n jur\u00eddica en las pr\u00f3ximas horas.<\/p>\n\n\n\n<p>Las labores de inteligencia y el empleo de tecnolog\u00eda en los procesos de procuraci\u00f3n de justicia, permiten a la Fiscal\u00eda de Oaxaca tener certeza jur\u00eddica en las investigaciones alrededor de los casos.<\/p>\n\n\n\n<p>CATEAN CENTRO DE REHABILITACI\u00d3N<\/p>\n\n\n\n<p>En otro hecho, la Fiscal\u00eda General del Estado, a trav\u00e9s de la Agencia Estatal de Investigaciones (AEI) realiz\u00f3 el aseguramiento de ocho personas y el mismo n\u00famero de veh\u00edculos con reporte de robo, al dar cumplimiento a una orden de cateo al Centro de Rehabilitaci\u00f3n Integral Contra Las Adicciones \u201cBetel Lazos de Fe\u201d.<\/p>\n\n\n\n<p>En el marco del operativo efectuado la ma\u00f1ana de este jueves 7 de septiembre de 2023, agentes de la AEI ingresaron al citado lugar ubicado en calle Fresnos, del municipio de Guadalupe Etla, donde efectuaron revisiones legales.<\/p>\n\n\n\n<p>En dicho inmueble se encontraron veh\u00edculos que fueron sometidos a inspecciones, que permitieron establecer que tres camionetas, cuatro motocicletas y un autom\u00f3vil contaban con alteraciones en los n\u00fameros de identificaci\u00f3n vehicular y ten\u00edan reporte de robo, por lo que quedaron asegurados.<\/p>\n\n\n\n<p>Durante esta misma movilizaci\u00f3n policial se logr\u00f3 la detenci\u00f3n de ocho personas (todas ellas hombres): A.E.F., Z.I.C.M., G.D.M., M.G.S.R., O.M.H., A.G.L o G.R.L., J.C.C.F., y D.A.S.C, por lo que fueron puestas a disposici\u00f3n del Ministerio P\u00fablico para determinar su situaci\u00f3n legal, al igual que las unidades de motor.<\/p>\n\n\n\n<p>La Fiscal\u00eda de Oaxaca realiza acciones contundentes, derivadas de estrictas investigaciones, para fortalecer los procesos de procuraci\u00f3n de justicia a favor de las v\u00edctimas directas e indirectas de delitos.<\/p>\n","protected":false},"excerpt":{"rendered":"<p>Redacci\u00f3n\/Zona Roja. Oaxaca de Ju\u00e1rez, Oax., a 8 de septiembre de 2023.- La Fiscal\u00eda General&hellip;<\/p>\n","protected":false},"author":2,"featured_media":59630,"comment_status":"closed","ping_status":"open","sticky":false,"template":"","format":"standard","meta":{"_lmt_disableupdate":"","_lmt_disable":"","_jetpack_memberships_contains_paid_content":false,"footnotes":""},"categories":[109,47],"tags":[494],"class_list":["post-59629","post","type-post","status-publish","format-standard","has-post-thumbnail","hentry","category-minuto-a-minuto","category-zona-gris","tag-fiscalia-general-del-estado-de-oaxaca"],"jetpack_featured_media_url":"https:\/\/zonaroja.com.mx\/wp-content\/uploads\/2023\/09\/En-cateo-efectuado-en-el-Istmo-Fiscalia-de-Oaxaca-detiene-a-uno-de-los-principales-objetivos-generadores-de-violencia-en-la-zona.jpeg","jetpack_sharing_enabled":true,"_links":{"self":[{"href":"https:\/\/zonaroja.com.mx\/index.php?rest_route=\/wp\/v2\/posts\/59629","targetHints":{"allow":["GET"]}}],"collection":[{"href":"https:\/\/zonaroja.com.mx\/index.php?rest_route=\/wp\/v2\/posts"}],"about":[{"href":"https:\/\/zonaroja.com.mx\/index.php?rest_route=\/wp\/v2\/types\/post"}],"author":[{"embeddable":true,"href":"https:\/\/zonaroja.com.mx\/index.php?rest_route=\/wp\/v2\/users\/2"}],"replies":[{"embeddable":true,"href":"https:\/\/zonaroja.com.mx\/index.php?rest_route=%2Fwp%2Fv2%2Fcomments&post=59629"}],"version-history":[{"count":1,"href":"https:\/\/zonaroja.com.mx\/index.php?rest_route=\/wp\/v2\/posts\/59629\/revisions"}],"predecessor-version":[{"id":59631,"href":"https:\/\/zonaroja.com.mx\/index.php?rest_route=\/wp\/v2\/posts\/59629\/revisions\/59631"}],"wp:featuredmedia":[{"embeddable":true,"href":"https:\/\/zonaroja.com.mx\/index.php?rest_route=\/wp\/v2\/media\/59630"}],"wp:attachment":[{"href":"https:\/\/zonaroja.com.mx\/index.php?rest_route=%2Fwp%2Fv2%2Fmedia&parent=59629"}],"wp:term":[{"taxonomy":"category","embeddable":true,"href":"https:\/\/zonaroja.com.mx\/index.php?rest_route=%2Fwp%2Fv2%2Fcategories&post=59629"},{"taxonomy":"post_tag","embeddable":true,"href":"https:\/\/zonaroja.com.mx\/index.php?rest_route=%2Fwp%2Fv2%2Ftags&post=59629"}],"curies":[{"name":"wp","href":"https:\/\/api.w.org\/{rel}","templated":true}]}}