{"id":59633,"date":"2023-09-08T12:30:00","date_gmt":"2023-09-08T17:30:00","guid":{"rendered":"http:\/\/www.zonaroja.com.mx\/?p=59633"},"modified":"2023-09-08T08:44:24","modified_gmt":"2023-09-08T13:44:24","slug":"reportan-la-desaparicion-de-seis-personas-en-el-estado-de-veracruz","status":"publish","type":"post","link":"https:\/\/zonaroja.com.mx\/?p=59633","title":{"rendered":"Reportan la desaparici\u00f3n de seis personas en el estado de Veracruz"},"content":{"rendered":"\n<p>Redacci\u00f3n\/Zona Roja Cdmx.<\/p>\n\n\n\n<p>Ciudad de M\u00e9xico, a 8 de septiembre de 2023.- Al menos seis trabajadores de la construcci\u00f3n fueron reportados como desaparecidos por sus familiares en el estado de Veracruz, una regi\u00f3n que enfrenta una oleada de violencia relacionada con la operaci\u00f3n de bandas criminales.<\/p>\n\n\n\n<p>La desaparici\u00f3n de los alba\u00f1iles ocurri\u00f3 en el municipio de Tres Valles, asentado en una zona conocida como la Cuenca del Papaloapan, donde se encontraban laborando en una obra p\u00fablica y aparentemente fueron sustra\u00eddos ilegalmente del cuarto donde viv\u00edan temporalmente.<\/p>\n\n\n\n<p>Familiares de los desaparecidos denunciaron que el hecho ocurri\u00f3 el pasado 26 de agosto y fue hasta el 4 de septiembre cuando la Comisi\u00f3n Estatal de B\u00fasqueda de Personas, una instancia gubernamental, emiti\u00f3 fichas de localizaci\u00f3n de seis de las v\u00edctimas, aunque seg\u00fan sus informes son ocho las v\u00edctimas.<\/p>\n\n\n\n<p>Se tratar\u00eda de cinco personas originarias del municipio de Veracruz, dos de Lerdo de Tejada y una de Tres Valles, quienes estaban contratadas por una empresa privada para llevar a cabo la realizaci\u00f3n de banquetas y guarniciones bajo contrato de dicha demarcaci\u00f3n municipal.<\/p>\n\n\n\n<p>Durante la ma\u00f1ana de este jueves, familiares de cinco de las ocho v\u00edctimas se manifestaron en el z\u00f3calo del puerto de Veracruz, donde exigieron a las autoridades investigar el caso y la aparici\u00f3n con vida de sus seres queridos.<\/p>\n\n\n\n<p>\u201cAy\u00fadanos a regresar con nuestras familias\u201d, se le\u00eda en los cartelones que portaban, junto con las fotograf\u00edas de los rostros de alba\u00f1iles.<\/p>\n\n\n\n<p>En entrevista con medios locales, revelaron que testigos de los hechos les reportaron que un grupo de hombres ingres\u00f3 a la vivienda donde dorm\u00edan todos los trabajadores de la construcci\u00f3n y los sustrajeron y no se conoce su paradero.<\/p>\n\n\n\n<p>Lucia Cintura Rufino, esposa de Francisco Javier Tapia y hermana de Crist\u00f3bal Cintura, ambos desaparecidos, expuso que desde el 26 de agosto perdieron comunicaci\u00f3n con ellos y en la habitaci\u00f3n donde dorm\u00edan encontraron rastros de sangre.<\/p>\n\n\n\n<p>De manera oficial, autoridades locales no se han pronunciado pero fuentes policiales indican que se integr\u00f3 una sola investigaci\u00f3n, debido a que las m\u00faltiples desapariciones ocurrieron en un solo evento.<\/p>\n\n\n\n<p>En las \u00faltimas dos d\u00e9cadas, Veracruz ha sufrido hechos de violencia relacionados con la operaci\u00f3n de carteles de la droga, las cuales diversificaron sus actividades al secuestro, tr\u00e1fico de migrantes y cobro de piso (extorsi\u00f3n) a diferentes sectores de la sociedad civil.<\/p>\n\n\n\n<p>Apenas el pasado 1 de septiembre, un ataque armado a un bar dej\u00f3 cuatro personas muertas y un herido en el municipio de Tlapacoyan, en la zona central de Veracruz.<\/p>\n\n\n\n<p>Adem\u00e1s los ataques a bares se han recrudecido en distintas regiones de la entidad, como los ocurridos en enero del presente a\u00f1o en los municipios de Poza Rica y Coatzintla, donde fueron asesinadas ocho personas.<\/p>\n\n\n\n<p>La organizaci\u00f3n Causa en Com\u00fan, dedicada a realizar recuentos de hechos graves de violencia en M\u00e9xico, ubic\u00f3 a Veracruz en el primer lugar nacional con el mayor n\u00famero de v\u00edctimas de violencia extrema y de alto impacto durante los seis meses del a\u00f1o.<\/p>\n\n\n\n<p>(Con informaci\u00f3n de EFE, en L\u00f3pez-D\u00f3riga Digital)<\/p>\n","protected":false},"excerpt":{"rendered":"<p>Redacci\u00f3n\/Zona Roja Cdmx. Ciudad de M\u00e9xico, a 8 de septiembre de 2023.- Al menos seis&hellip;<\/p>\n","protected":false},"author":2,"featured_media":59634,"comment_status":"closed","ping_status":"open","sticky":false,"template":"","format":"standard","meta":{"_lmt_disableupdate":"","_lmt_disable":"","_jetpack_memberships_contains_paid_content":false,"footnotes":""},"categories":[109,47],"tags":[99],"class_list":["post-59633","post","type-post","status-publish","format-standard","has-post-thumbnail","hentry","category-minuto-a-minuto","category-zona-gris","tag-veracruz"],"jetpack_featured_media_url":"https:\/\/zonaroja.com.mx\/wp-content\/uploads\/2023\/09\/Albaniles-desaparecidos-Veracruz.png.webp","jetpack_sharing_enabled":true,"_links":{"self":[{"href":"https:\/\/zonaroja.com.mx\/index.php?rest_route=\/wp\/v2\/posts\/59633","targetHints":{"allow":["GET"]}}],"collection":[{"href":"https:\/\/zonaroja.com.mx\/index.php?rest_route=\/wp\/v2\/posts"}],"about":[{"href":"https:\/\/zonaroja.com.mx\/index.php?rest_route=\/wp\/v2\/types\/post"}],"author":[{"embeddable":true,"href":"https:\/\/zonaroja.com.mx\/index.php?rest_route=\/wp\/v2\/users\/2"}],"replies":[{"embeddable":true,"href":"https:\/\/zonaroja.com.mx\/index.php?rest_route=%2Fwp%2Fv2%2Fcomments&post=59633"}],"version-history":[{"count":1,"href":"https:\/\/zonaroja.com.mx\/index.php?rest_route=\/wp\/v2\/posts\/59633\/revisions"}],"predecessor-version":[{"id":59635,"href":"https:\/\/zonaroja.com.mx\/index.php?rest_route=\/wp\/v2\/posts\/59633\/revisions\/59635"}],"wp:featuredmedia":[{"embeddable":true,"href":"https:\/\/zonaroja.com.mx\/index.php?rest_route=\/wp\/v2\/media\/59634"}],"wp:attachment":[{"href":"https:\/\/zonaroja.com.mx\/index.php?rest_route=%2Fwp%2Fv2%2Fmedia&parent=59633"}],"wp:term":[{"taxonomy":"category","embeddable":true,"href":"https:\/\/zonaroja.com.mx\/index.php?rest_route=%2Fwp%2Fv2%2Fcategories&post=59633"},{"taxonomy":"post_tag","embeddable":true,"href":"https:\/\/zonaroja.com.mx\/index.php?rest_route=%2Fwp%2Fv2%2Ftags&post=59633"}],"curies":[{"name":"wp","href":"https:\/\/api.w.org\/{rel}","templated":true}]}}