{"id":59636,"date":"2023-09-08T15:44:00","date_gmt":"2023-09-08T20:44:00","guid":{"rendered":"http:\/\/www.zonaroja.com.mx\/?p=59636"},"modified":"2023-09-08T08:47:11","modified_gmt":"2023-09-08T13:47:11","slug":"frenan-orden-judicial-de-quitar-boyas-en-rio-frontera-de-mexico-eu","status":"publish","type":"post","link":"https:\/\/zonaroja.com.mx\/?p=59636","title":{"rendered":"Frenan orden judicial de quitar boyas en r\u00edo frontera de M\u00e9xico-EU"},"content":{"rendered":"\n<p>Redacci\u00f3n\/Zona Roja Cdmx.<\/p>\n\n\n\n<p>Ciudad de M\u00e9xico, a 8 de septiembre de 2023.- Un tribunal federal de apelaciones accedi\u00f3 este jueves por la tarde a la solicitud del estado de Texas (EE.UU.), gobernado por el republicano Greg Abbott, para mantener su barrera de boyas antimigrantes en el r\u00edo Bravo, situado en la frontera sur de Estados Unidos.<\/p>\n\n\n\n<p>Esta disposici\u00f3n flotante permanecer\u00e1 all\u00ed al menos hasta que se produzca una revisi\u00f3n adicional, tras la decisi\u00f3n de un panel de tres jueces del Tribunal de Apelaciones del Quinto Circuito de EE.UU., con sede en Nueva Orleans (Luisiana, EE.UU.).<\/p>\n\n\n\n<p>El estado de Texas hab\u00eda argumentado en su petici\u00f3n que la ley federal de 1899 que proh\u00edbe las construcciones no autorizadas en v\u00edas navegables choca con su derecho constitucional a repeler una supuesta \u201cinvasi\u00f3n\u201d de poblaci\u00f3n migrante en el enclave fronterizo y que la barrera les ha servido para \u201cdefenderse\u201d.<\/p>\n\n\n\n<p>La decisi\u00f3n del tribunal de apelaciones contrasta con la tomada el mi\u00e9rcoles por el magistrado David Ezra, del distrito oeste de Texas, en la que se\u00f1alaba que el grupo de boyas, de 300 metros de longitud, obstru\u00eda \u201cla capacidad navegable\u201d del cauce fluvial, reprend\u00eda al Gobierno estatal por no haber solicitado permiso y ordenaba retirarla antes del 15 de septiembre.<\/p>\n\n\n\n<p>Ezra determin\u00f3 tambi\u00e9n que el Gobierno estatal no hab\u00eda entregado \u201cning\u00fan tipo de evidencia cre\u00edble\u201d de que la barrera de boyas hubiera reducido \u201csignificativamente\u201d la migraci\u00f3n irregular a trav\u00e9s del r\u00edo Bravo.<\/p>\n\n\n\n<p>Adem\u00e1s, desde el propio Departamento de Justicia de EE.UU. se hab\u00eda instado a Texas a que quitara las boyas porque, pon\u00edan en \u201cpeligro a los migrantes\u201d, violaban dicha legislaci\u00f3n federal y los tratados bilaterales con M\u00e9xico.<\/p>\n\n\n\n<p>A principios de agosto, las autoridades estadounidenses encontraron dos cad\u00e1veres de migrantes flotando sobre el r\u00edo, cerca de las boyas.<\/p>\n\n\n\n<p>La pol\u00e9mica barrera forma parte de la \u201cOperaci\u00f3n Estrella Solitaria\u201c, una campa\u00f1a lanzada por el Gobierno de Abbott para abordar la migraci\u00f3n en el estado y mostrar su oposici\u00f3n a las pol\u00edticas de Biden.<\/p>\n\n\n\n<p>Abbott se ha mantenido desafiante desde que el Departamento de Justicia presentara la demanda el 24 de julio exigiendo que Texas retirara las barreras instaladas a principios de ese mes con un costo de 850.000 d\u00f3lares.<\/p>\n\n\n\n<p>Esta iniciativa ha estado tambi\u00e9n detr\u00e1s del env\u00edo de buses con migrantes a ciudades gobernadas por dem\u00f3cratas, que acapar\u00f3 la atenci\u00f3n medi\u00e1tica el \u00faltimo a\u00f1o, y de la instalaci\u00f3n de kil\u00f3metros de concertina en la frontera con M\u00e9xico, entre otras medidas.<\/p>\n\n\n\n<p>Por su parte, el Gobierno de M\u00e9xico pidi\u00f3 en varias ocasiones a EE.UU. que se retirara la barrera, alegando que la mayor parte de las boyas se encontraban en su territorio.<\/p>\n\n\n\n<p>La Comisi\u00f3n Internacional de L\u00edmites y Aguas, una entidad binacional, corrobor\u00f3 esta afirmaci\u00f3n en un informe presentado ante el tribunal, donde se concluye que la gran mayor\u00eda de las boyas est\u00e1n del lado mexicano.<\/p>\n\n\n\n<p>(Con informaci\u00f3n de EFE)<\/p>\n","protected":false},"excerpt":{"rendered":"<p>Redacci\u00f3n\/Zona Roja Cdmx. Ciudad de M\u00e9xico, a 8 de septiembre de 2023.- Un tribunal federal&hellip;<\/p>\n","protected":false},"author":2,"featured_media":59637,"comment_status":"closed","ping_status":"open","sticky":false,"template":"","format":"standard","meta":{"_lmt_disableupdate":"","_lmt_disable":"","_jetpack_memberships_contains_paid_content":false,"footnotes":""},"categories":[109,47],"tags":[3173],"class_list":["post-59636","post","type-post","status-publish","format-standard","has-post-thumbnail","hentry","category-minuto-a-minuto","category-zona-gris","tag-migrantes-texas-estados-unidos"],"jetpack_featured_media_url":"https:\/\/zonaroja.com.mx\/wp-content\/uploads\/2023\/09\/Boyas-rio-Texas-migrantes-EU.jpeg","jetpack_sharing_enabled":true,"_links":{"self":[{"href":"https:\/\/zonaroja.com.mx\/index.php?rest_route=\/wp\/v2\/posts\/59636","targetHints":{"allow":["GET"]}}],"collection":[{"href":"https:\/\/zonaroja.com.mx\/index.php?rest_route=\/wp\/v2\/posts"}],"about":[{"href":"https:\/\/zonaroja.com.mx\/index.php?rest_route=\/wp\/v2\/types\/post"}],"author":[{"embeddable":true,"href":"https:\/\/zonaroja.com.mx\/index.php?rest_route=\/wp\/v2\/users\/2"}],"replies":[{"embeddable":true,"href":"https:\/\/zonaroja.com.mx\/index.php?rest_route=%2Fwp%2Fv2%2Fcomments&post=59636"}],"version-history":[{"count":1,"href":"https:\/\/zonaroja.com.mx\/index.php?rest_route=\/wp\/v2\/posts\/59636\/revisions"}],"predecessor-version":[{"id":59638,"href":"https:\/\/zonaroja.com.mx\/index.php?rest_route=\/wp\/v2\/posts\/59636\/revisions\/59638"}],"wp:featuredmedia":[{"embeddable":true,"href":"https:\/\/zonaroja.com.mx\/index.php?rest_route=\/wp\/v2\/media\/59637"}],"wp:attachment":[{"href":"https:\/\/zonaroja.com.mx\/index.php?rest_route=%2Fwp%2Fv2%2Fmedia&parent=59636"}],"wp:term":[{"taxonomy":"category","embeddable":true,"href":"https:\/\/zonaroja.com.mx\/index.php?rest_route=%2Fwp%2Fv2%2Fcategories&post=59636"},{"taxonomy":"post_tag","embeddable":true,"href":"https:\/\/zonaroja.com.mx\/index.php?rest_route=%2Fwp%2Fv2%2Ftags&post=59636"}],"curies":[{"name":"wp","href":"https:\/\/api.w.org\/{rel}","templated":true}]}}