{"id":59639,"date":"2023-09-08T09:10:35","date_gmt":"2023-09-08T14:10:35","guid":{"rendered":"http:\/\/www.zonaroja.com.mx\/?p=59639"},"modified":"2023-09-08T09:10:38","modified_gmt":"2023-09-08T14:10:38","slug":"denuncian-a-edil-de-san-antonio-de-la-cal-por-violencia-de-genero-y-extorsion","status":"publish","type":"post","link":"https:\/\/zonaroja.com.mx\/?p=59639","title":{"rendered":"Denuncian a edil de San Antonio de la Cal por violencia de g\u00e9nero y extorsi\u00f3n"},"content":{"rendered":"\n<p>Redacci\u00f3n\/Zona Roja.<\/p>\n\n\n\n<p>Oaxaca de Ju\u00e1rez, Oax., a 8 de septiembre de 2023.- El presidente municipal de San Antonio de la Cal, Oaxaca, Porfirio Santos Mat\u00edas, no solamente fue denunciado por extorsionar a comerciantes, sino tambi\u00e9n por violencia de g\u00e9nero contra una integrante del Cabildo.<\/p>\n\n\n\n<p>Este jueves, v\u00eda redes sociales los propietarios de tiendas y establecimientos comerciales acusaron que el edil, que no es oriundo del municipio conurbado a la capital, cobra literalmente \u201cpiso\u201d a los comerciantes.<\/p>\n\n\n\n<p>Adem\u00e1s, amenaza a quienes no quieren pagar, no entrega recibos formales y cierra los negocios que generan fuentes de empleo, fundamentales para la econom\u00eda de la zona.<\/p>\n\n\n\n<p>\u201cEl presidente municipal ni siquiera es de aqu\u00ed y lo \u00fanico que quiere es enriquecerse; est\u00e1 cobrando mucho dinero a los comercios cuando la mayor\u00eda es lo \u00fanico que tiene para sobrevivir.<\/p>\n\n\n\n<p>\u201cTambi\u00e9n est\u00e1 desviando el dinero y una empresa facturare de su familiar es la que est\u00e1 llevando las cuentas para justificar gastos millonarios y no hay ninguna obra en el pueblo\u201d, acusaron.<\/p>\n\n\n\n<p>Por ello, pidieron la intervenci\u00f3n del Congreso del Estado y del gobierno de Salom\u00f3n Jara con la finalidad de que investigue las irregularidades.<\/p>\n\n\n\n<p>Por otra parte, una integrante del Cabildo, que por el momento pide omitir su nombre, present\u00f3 una queja ante&nbsp; las autoridades electorales por violencia de g\u00e9nero y discriminaci\u00f3n en su contra.<\/p>\n\n\n\n<p>Asimismo, le ha quitado personal para que no pueda realizar sus funciones y la intentan obligar a firmar documentos para justificar egresos. Por ello, pidi\u00f3 tambi\u00e9n la intervenci\u00f3n de la 65 Legislatura del estado con la finalidad de que inicie la revocaci\u00f3n de mandato del edil Santos Mat\u00edas.<\/p>\n","protected":false},"excerpt":{"rendered":"<p>Redacci\u00f3n\/Zona Roja. Oaxaca de Ju\u00e1rez, Oax., a 8 de septiembre de 2023.- El presidente municipal&hellip;<\/p>\n","protected":false},"author":2,"featured_media":59640,"comment_status":"closed","ping_status":"open","sticky":false,"template":"","format":"standard","meta":{"_lmt_disableupdate":"","_lmt_disable":"","_jetpack_memberships_contains_paid_content":false,"footnotes":""},"categories":[109,47],"tags":[3670,875],"class_list":["post-59639","post","type-post","status-publish","format-standard","has-post-thumbnail","hentry","category-minuto-a-minuto","category-zona-gris","tag-porfirio-santos-matias","tag-san-antonio-de-la-cal"],"jetpack_featured_media_url":"https:\/\/zonaroja.com.mx\/wp-content\/uploads\/2023\/09\/Porfirio-Santos-Matias-San-Antonio-de-la-Cal.jpg","jetpack_sharing_enabled":true,"_links":{"self":[{"href":"https:\/\/zonaroja.com.mx\/index.php?rest_route=\/wp\/v2\/posts\/59639","targetHints":{"allow":["GET"]}}],"collection":[{"href":"https:\/\/zonaroja.com.mx\/index.php?rest_route=\/wp\/v2\/posts"}],"about":[{"href":"https:\/\/zonaroja.com.mx\/index.php?rest_route=\/wp\/v2\/types\/post"}],"author":[{"embeddable":true,"href":"https:\/\/zonaroja.com.mx\/index.php?rest_route=\/wp\/v2\/users\/2"}],"replies":[{"embeddable":true,"href":"https:\/\/zonaroja.com.mx\/index.php?rest_route=%2Fwp%2Fv2%2Fcomments&post=59639"}],"version-history":[{"count":1,"href":"https:\/\/zonaroja.com.mx\/index.php?rest_route=\/wp\/v2\/posts\/59639\/revisions"}],"predecessor-version":[{"id":59641,"href":"https:\/\/zonaroja.com.mx\/index.php?rest_route=\/wp\/v2\/posts\/59639\/revisions\/59641"}],"wp:featuredmedia":[{"embeddable":true,"href":"https:\/\/zonaroja.com.mx\/index.php?rest_route=\/wp\/v2\/media\/59640"}],"wp:attachment":[{"href":"https:\/\/zonaroja.com.mx\/index.php?rest_route=%2Fwp%2Fv2%2Fmedia&parent=59639"}],"wp:term":[{"taxonomy":"category","embeddable":true,"href":"https:\/\/zonaroja.com.mx\/index.php?rest_route=%2Fwp%2Fv2%2Fcategories&post=59639"},{"taxonomy":"post_tag","embeddable":true,"href":"https:\/\/zonaroja.com.mx\/index.php?rest_route=%2Fwp%2Fv2%2Ftags&post=59639"}],"curies":[{"name":"wp","href":"https:\/\/api.w.org\/{rel}","templated":true}]}}