{"id":59642,"date":"2023-09-08T17:55:24","date_gmt":"2023-09-08T22:55:24","guid":{"rendered":"http:\/\/www.zonaroja.com.mx\/?p=59642"},"modified":"2023-09-08T17:55:26","modified_gmt":"2023-09-08T22:55:26","slug":"fractura-en-ceneo-ante-crisis-en-normales-confirman-salida-de-normal-de-huajuapan","status":"publish","type":"post","link":"https:\/\/zonaroja.com.mx\/?p=59642","title":{"rendered":"Fractura en CENEO ante crisis en normales; confirman salida de Normal de Huajuapan"},"content":{"rendered":"\n<p>Yuridiana Sosa\/Zona Roja.<\/p>\n\n\n\n<p>Oaxaca de Ju\u00e1rez, Oax., a 8 de septiembre de 2023.- La estabilidad del normalismo en Oaxaca se tambalea desde el interior del Coordinadora Estudiantil Normalista del Estado de Oaxaca (CENEO), que esta semana registr\u00f3 la separaci\u00f3n de una de sus instituciones por supuestas diferencias ideol\u00f3gicas.<\/p>\n\n\n\n<p>A ello se le suman conflictos internos en las instituciones y manifestaciones que siguen afectando y cosechando el hartazgo de la ciudadan\u00eda.<\/p>\n\n\n\n<p>Integrantes de la CENEO confirmaron este viernes la separaci\u00f3n de la Escuela Normal Experimental Huajuapan de Le\u00f3n(ENEH), \u201cpor diferencias ideol\u00f3gicas\u201d que se agravaron ayer durante la presencia de la Coordinadora en dicho plantel en la regi\u00f3n Mixteca.<\/p>\n\n\n\n<p>Por ello, los representantes del CENEO se deslindaron de cualquier acci\u00f3n de protesta que los estudiantes del ENEH realicen, tanto en su ciudad como en la capital del estado.<\/p>\n\n\n\n<p>DIFERENTES VERSIONES<\/p>\n\n\n\n<p>En conferencia de prensa, desde el exterior del Centro Regional de Educaci\u00f3n Normal de Oaxaca (CRENO), representantes del CENEO se\u00f1alaron el surgimiento de diferencias ideol\u00f3gicas en las decisiones que las bases han tomado.<\/p>\n\n\n\n<p>Para tratar de armonizar la relaci\u00f3n, aseguraron que este 7 de septiembre asistieron a la ENEH en busca de entablar un di\u00e1logo con sus compa\u00f1eros y llegar a mejores acuerdos, pero no se logr\u00f3 debido a la actitud revanchista de los estudiantes de Huajuapan.<\/p>\n\n\n\n<p>A su llegada, los compa\u00f1eros portaban palos, cables y cadenas, as\u00ed como les tomaron fotograf\u00edas. A esto se suma que de forma casi inmediata a su arribo se hicieron presentes elementos de la Polic\u00eda Estatal, Guardia Nacional y de la Agencia Estatal de Investigaciones (AEI), de la Fiscal\u00eda de Oaxaca.<\/p>\n\n\n\n<p>Con ello, se rompi\u00f3 la relaci\u00f3n entre la Normal de Huajuapan con la CENEO, confirmaron.<\/p>\n\n\n\n<p>Por otra parte, de acuerdo a los estudiantes de Huajuapan de Le\u00f3n, los integrantes de la Coordinadora Estudiantil Normalista del Estado de Oaxaca (CENEO) llegaron con la intenci\u00f3n de intimidarlos.<\/p>\n\n\n\n<p>Un numeroso grupo de j\u00f3venes de la CENEO rodearon la Normal de Huajuapan, todo iban encapuchados y con la intenci\u00f3n de ingresar al plantel, lo que despert\u00f3 la alerta entre los normalista de la ENEH.<\/p>\n\n\n\n<p>El \u00fanico di\u00e1logo fue la petici\u00f3n para que se retiraran del lugar, sin que se registraran confrontaciones f\u00edsicas u otros incidentes a pesar de la presencia de elementos policiacos a varios metros del plantel.<\/p>\n\n\n\n<figure class=\"wp-block-embed is-type-rich is-provider-twitter wp-block-embed-twitter\"><div class=\"wp-block-embed__wrapper\">\n<div class=\"twitter-tweet\"><blockquote class=\"twitter-tweet\" data-lang=\"es\"><p lang=\"es\" dir=\"ltr\">M\u00e1s de normalistas: mientras un grupo de estudiantes de la Escuela Normal \u201cVanguardia\u201d de Tamazul\u00e1pam del Progreso, Oaxaca, robaba mercanc\u00eda a un cami\u00f3n de refrescos, otro grupo bloque\u00f3 la carretera en la regi\u00f3n Mixteca y hasta impidi\u00f3 el paso de una ambulancia. <br>Y todav\u00eda\u2026 <a href=\"https:\/\/t.co\/JNglTchur5\">pic.twitter.com\/JNglTchur5<\/a><\/p>&mdash; Zona Roja Oaxaca (@ZonaRoja_Oaxaca) <a href=\"https:\/\/twitter.com\/ZonaRoja_Oaxaca\/status\/1700248079335604665?ref_src=twsrc%5Etfw\">8 de septiembre de 2023<\/a><\/blockquote><\/div>\n<\/div><\/figure>\n\n\n\n<p>M\u00c1S PROBLEMAS<\/p>\n\n\n\n<p>Desde hace al menos dos semanas, estudiantes de la Escuela Normal Rural \u201cVanguardia\u201d de Tamazulapan del Progreso han protagonizado diferentes hechos vand\u00e1licos, lo que ha encendido el hartazgo de la poblaci\u00f3n.<\/p>\n\n\n\n<p>Esta semana bloquearon, saquearon y agredieron a personas.<\/p>\n\n\n\n<p>Durante el bloqueo que realizaron el mi\u00e9rcoles, sobre la carretera federal 190, tramo Huajuapan-Oaxaca, frente a las instalaciones de la instituci\u00f3n en Tamazul\u00e1pam, agredieron a una persona que les pidi\u00f3 paso para una ambulancia que trasladaba a un paciente grave.<\/p>\n\n\n\n<p>Ante la resistencia de las normalistas que formaron una cadena humana en el ancho de la vialidad, el hombre comenz\u00f3 a grabar los hechos, en los que tambi\u00e9n se demostr\u00f3 el saqueo de un cami\u00f3n repartidor de refrescos.<\/p>\n\n\n\n<p>Esto molest\u00f3 a las manifestantes, quienes lo agredieron para que dejara de grabar.<\/p>\n\n\n\n<p>D\u00edas antes, el pasado 31 de agosto, retuvieron a maestros y personal administrativo dentro del plantel para exigir atenci\u00f3n a sus demandas y una mesa de di\u00e1logo con el director de esa instituci\u00f3n.<\/p>\n\n\n\n<p>La manifestaci\u00f3n caus\u00f3 la presencia de familiares de los trabajadores retenidos, quienes exigieron la intervenci\u00f3n de autoridades para evitar mayores da\u00f1os al personal afectado.Sobre estos hechos el CENEO prefiri\u00f3 reservarse los comentarios.&nbsp;<\/p>\n\n\n\n<p>La tensi\u00f3n se increment\u00f3 ante la quema de cohetones de las normalistas y la presunta preparaci\u00f3n de bombas molotov.<\/p>\n\n\n\n<p>El hecho no pas\u00f3 a mayores, sin embargo, la ciudadan\u00eda local ha manifestado su rechazo a los actos de protesta de las estudiantes, pues han afectado a la poblaci\u00f3n en general.<\/p>\n","protected":false},"excerpt":{"rendered":"<p>Yuridiana Sosa\/Zona Roja. Oaxaca de Ju\u00e1rez, Oax., a 8 de septiembre de 2023.- La estabilidad&hellip;<\/p>\n","protected":false},"author":2,"featured_media":59644,"comment_status":"closed","ping_status":"open","sticky":false,"template":"","format":"standard","meta":{"_lmt_disableupdate":"","_lmt_disable":"","_jetpack_memberships_contains_paid_content":false,"footnotes":""},"categories":[109,47],"tags":[1926],"class_list":["post-59642","post","type-post","status-publish","format-standard","has-post-thumbnail","hentry","category-minuto-a-minuto","category-zona-gris","tag-coordinadora-estudiantil-normalista-del-estado-de-oaxaca-ceneo"],"jetpack_featured_media_url":"https:\/\/zonaroja.com.mx\/wp-content\/uploads\/2023\/09\/Conferencia-CENEO-normalistas.jpg","jetpack_sharing_enabled":true,"_links":{"self":[{"href":"https:\/\/zonaroja.com.mx\/index.php?rest_route=\/wp\/v2\/posts\/59642","targetHints":{"allow":["GET"]}}],"collection":[{"href":"https:\/\/zonaroja.com.mx\/index.php?rest_route=\/wp\/v2\/posts"}],"about":[{"href":"https:\/\/zonaroja.com.mx\/index.php?rest_route=\/wp\/v2\/types\/post"}],"author":[{"embeddable":true,"href":"https:\/\/zonaroja.com.mx\/index.php?rest_route=\/wp\/v2\/users\/2"}],"replies":[{"embeddable":true,"href":"https:\/\/zonaroja.com.mx\/index.php?rest_route=%2Fwp%2Fv2%2Fcomments&post=59642"}],"version-history":[{"count":1,"href":"https:\/\/zonaroja.com.mx\/index.php?rest_route=\/wp\/v2\/posts\/59642\/revisions"}],"predecessor-version":[{"id":59645,"href":"https:\/\/zonaroja.com.mx\/index.php?rest_route=\/wp\/v2\/posts\/59642\/revisions\/59645"}],"wp:featuredmedia":[{"embeddable":true,"href":"https:\/\/zonaroja.com.mx\/index.php?rest_route=\/wp\/v2\/media\/59644"}],"wp:attachment":[{"href":"https:\/\/zonaroja.com.mx\/index.php?rest_route=%2Fwp%2Fv2%2Fmedia&parent=59642"}],"wp:term":[{"taxonomy":"category","embeddable":true,"href":"https:\/\/zonaroja.com.mx\/index.php?rest_route=%2Fwp%2Fv2%2Fcategories&post=59642"},{"taxonomy":"post_tag","embeddable":true,"href":"https:\/\/zonaroja.com.mx\/index.php?rest_route=%2Fwp%2Fv2%2Ftags&post=59642"}],"curies":[{"name":"wp","href":"https:\/\/api.w.org\/{rel}","templated":true}]}}