{"id":59646,"date":"2023-09-08T19:40:53","date_gmt":"2023-09-09T00:40:53","guid":{"rendered":"http:\/\/www.zonaroja.com.mx\/?p=59646"},"modified":"2023-09-08T19:40:56","modified_gmt":"2023-09-09T00:40:56","slug":"arranca-ieepco-proceso-electoral-llaman-a-mujeres-a-defender-sus-lugares-y-a-partidos-a-respetar","status":"publish","type":"post","link":"https:\/\/zonaroja.com.mx\/?p=59646","title":{"rendered":"Arranca IEEPCO proceso electoral; llaman a mujeres a defender sus lugares y a partidos a respetar"},"content":{"rendered":"\n<p>Yuridiana Sosa\/Zona Roja.<\/p>\n\n\n\n<p>Oaxaca de Ju\u00e1rez, Oax., a 8 de septiembre de 2023.- De forma oficial, el Instituto Estatal Electoral y de Participaci\u00f3n Ciudadana de Oaxaca (IEEPCO) inici\u00f3 el proceso electoral 2023-24 en la entidad, en el que se elegir\u00e1n 42 diputados locales y 153 ediles por el r\u00e9gimen de partidos pol\u00edticos.<\/p>\n\n\n\n<p>Durante sesi\u00f3n especial del Consejo, en el que tambi\u00e9n estuvieron presentes los representantes de los 11 partidos pol\u00edticos presentes en Oaxaca, la consejera presidenta IEEPCO, Elizabeth S\u00e1nchez Gonz\u00e1lez, demand\u00f3 a los involucrados a desempe\u00f1arse con compromiso y profesionalismo.<\/p>\n\n\n\n<p>En su mensaje, subray\u00f3 la responsabilidad del Instituto, con el registro puntual de los candidatos por las distintas v\u00edas, atender la quejas y denuncias por violencia pol\u00edtica de g\u00e9nero contra las mujeres, de actos anticipados de campa\u00f1a y garantizar la impresi\u00f3n de la documentaci\u00f3n, entre otros compromisos.<\/p>\n\n\n\n<p>Asegur\u00f3 que el proceso electoral no se limita al d\u00eda de la jornada de votos, pues implica toda una log\u00edstica y actividades previas, durante y despu\u00e9s de ese momento, en las que se debe priorizar mantener el orden.<\/p>\n\n\n\n<figure class=\"wp-block-embed is-type-rich is-provider-twitter wp-block-embed-twitter\"><div class=\"wp-block-embed__wrapper\">\n<div class=\"twitter-tweet\"><blockquote class=\"twitter-tweet\" data-lang=\"es\"><p lang=\"es\" dir=\"ltr\">Y tras el inicio del proceso comicial, la presidenta del <a href=\"https:\/\/twitter.com\/IEEPCO?ref_src=twsrc%5Etfw\">@IEEPCO<\/a>, <a href=\"https:\/\/twitter.com\/Bidxa_a?ref_src=twsrc%5Etfw\">@Bidxa_a<\/a>, emiti\u00f3 un mensaje, en que exhort\u00f3 a las mujeres, de todos los segmentos sociales, en particular en condici\u00f3n de vulnerabilidad, a participar activamente y hacer valer sus derechos. <br>A los partidos\u2026 <a href=\"https:\/\/t.co\/xNBeTCDF8B\">pic.twitter.com\/xNBeTCDF8B<\/a><\/p>&mdash; Zona Roja Oaxaca (@ZonaRoja_Oaxaca) <a href=\"https:\/\/twitter.com\/ZonaRoja_Oaxaca\/status\/1700219181101117464?ref_src=twsrc%5Etfw\">8 de septiembre de 2023<\/a><\/blockquote><\/div>\n<\/div><\/figure>\n\n\n\n<p>LLAMADO ESPECIAL<\/p>\n\n\n\n<p>La presidenta del IEEPCO llam\u00f3 a las mujeres a que en este proceso exijan el espacio que les pertenece.<\/p>\n\n\n\n<p>A las mujeres en general, interesada en ocupar un cargo en este proceso \u2014a las que forman parte de la poblaci\u00f3n ind\u00edgena, afromexicanas, con alguna discapacidad, j\u00f3venes y adultas mayores\u2014, las conmin\u00f3 a hacer valer sus derechos, a no desistir y denunciar cualquier acto de violencia pol\u00edtica en su contra.<\/p>\n\n\n\n<p>Pues las autoridades responsables de atender estos temas, record\u00f3, tienen la obligaci\u00f3n de cumplir con las normas que protegen la participaci\u00f3n de las mujeres.<\/p>\n\n\n\n<p>El llamado para el respeto a la participaci\u00f3n de las mujeres se extendi\u00f3 a los partidos pol\u00edticos, pues es en el interior de estos grupos y a quienes las autoridades deben exigir la inclusi\u00f3n y transparencia.<\/p>\n\n\n\n<p>\u201cNo habr\u00e1 democracia en nuestro estado sin la efectiva participaci\u00f3n de las poblaciones hist\u00f3ricamente discriminadas\u201d, sentenci\u00f3 S\u00e1nchez Gonz\u00e1lez.<\/p>\n\n\n\n<p>Adem\u00e1s, en su llamado a los partidos pol\u00edticos, les demand\u00f3 evitar actos de violencia que comprometan el desarrollo pac\u00edfico del proceso electoral y la importancia sobre la eficacia y transparencia con la que deben aplicar los recursos destinados para este proceso.&nbsp;<\/p>\n","protected":false},"excerpt":{"rendered":"<p>Yuridiana Sosa\/Zona Roja. Oaxaca de Ju\u00e1rez, Oax., a 8 de septiembre de 2023.- De forma&hellip;<\/p>\n","protected":false},"author":2,"featured_media":59647,"comment_status":"closed","ping_status":"open","sticky":false,"template":"","format":"standard","meta":{"_lmt_disableupdate":"","_lmt_disable":"","_jetpack_memberships_contains_paid_content":false,"footnotes":""},"categories":[109,46],"tags":[2932],"class_list":["post-59646","post","type-post","status-publish","format-standard","has-post-thumbnail","hentry","category-minuto-a-minuto","category-zona-blanca","tag-instituto-estatal-electoral-y-de-participacion-ciudadana-de-oaxaca-ieepco"],"jetpack_featured_media_url":"https:\/\/zonaroja.com.mx\/wp-content\/uploads\/2023\/09\/Sesion-IEEPCO-inicio-proceso-electoral.jpeg","jetpack_sharing_enabled":true,"_links":{"self":[{"href":"https:\/\/zonaroja.com.mx\/index.php?rest_route=\/wp\/v2\/posts\/59646","targetHints":{"allow":["GET"]}}],"collection":[{"href":"https:\/\/zonaroja.com.mx\/index.php?rest_route=\/wp\/v2\/posts"}],"about":[{"href":"https:\/\/zonaroja.com.mx\/index.php?rest_route=\/wp\/v2\/types\/post"}],"author":[{"embeddable":true,"href":"https:\/\/zonaroja.com.mx\/index.php?rest_route=\/wp\/v2\/users\/2"}],"replies":[{"embeddable":true,"href":"https:\/\/zonaroja.com.mx\/index.php?rest_route=%2Fwp%2Fv2%2Fcomments&post=59646"}],"version-history":[{"count":1,"href":"https:\/\/zonaroja.com.mx\/index.php?rest_route=\/wp\/v2\/posts\/59646\/revisions"}],"predecessor-version":[{"id":59648,"href":"https:\/\/zonaroja.com.mx\/index.php?rest_route=\/wp\/v2\/posts\/59646\/revisions\/59648"}],"wp:featuredmedia":[{"embeddable":true,"href":"https:\/\/zonaroja.com.mx\/index.php?rest_route=\/wp\/v2\/media\/59647"}],"wp:attachment":[{"href":"https:\/\/zonaroja.com.mx\/index.php?rest_route=%2Fwp%2Fv2%2Fmedia&parent=59646"}],"wp:term":[{"taxonomy":"category","embeddable":true,"href":"https:\/\/zonaroja.com.mx\/index.php?rest_route=%2Fwp%2Fv2%2Fcategories&post=59646"},{"taxonomy":"post_tag","embeddable":true,"href":"https:\/\/zonaroja.com.mx\/index.php?rest_route=%2Fwp%2Fv2%2Ftags&post=59646"}],"curies":[{"name":"wp","href":"https:\/\/api.w.org\/{rel}","templated":true}]}}