{"id":59649,"date":"2023-09-08T22:27:25","date_gmt":"2023-09-09T03:27:25","guid":{"rendered":"http:\/\/www.zonaroja.com.mx\/?p=59649"},"modified":"2023-09-08T22:27:29","modified_gmt":"2023-09-09T03:27:29","slug":"viernes-violento-en-oaxaca-un-asesinado-y-dos-heridos-en-ataques-armados","status":"publish","type":"post","link":"https:\/\/zonaroja.com.mx\/?p=59649","title":{"rendered":"Viernes violento en Oaxaca: un asesinado y dos heridos en ataques armados"},"content":{"rendered":"\n<p>Ismael Garc\u00eda M.\/Zona Roja.<\/p>\n\n\n\n<p>Oaxaca de Ju\u00e1rez, Oax., a 8 de septiembre de 2023.- Una persona fallecida y dos m\u00e1s lesionadas de bala es el saldo de tres ataques armados ocurridos este viernes en diversos hechos en Oaxaca; adem\u00e1s la suspensi\u00f3n del transporte p\u00fablico en la zona norte del Istmo, a causa del temor de una agresi\u00f3n por parte del crimen organizado.<\/p>\n\n\n\n<p>En Juchit\u00e1n de Zaragoza, un ex funcionario fue atacado con disparos de arma de fuego en la avenida Insurgentes del barrio S\u00e9ptima Secci\u00f3n, tras lo cual fue trasladado a un hospital, donde poco despu\u00e9s se report\u00f3 que perdi\u00f3 la vida.<\/p>\n\n\n\n<p>La v\u00edctima fue identificada como Gilberto S. V., ex director del Centro de Control y Comando (C2) con sede en Juchit\u00e1n, y a\u00fan se desconoce qui\u00e9n o qui\u00e9nes lo agredieron, pues lograron darse a la fuga.<\/p>\n\n\n\n<p>Esta noche, en el municipio de Salina Cruz se registr\u00f3 un ataque armado en la avenida Oleoducto de la colonia Hidalgo Oriente, zona donde frecuentemente han ocurrido diversos hechos violentos.<\/p>\n\n\n\n<p>El hombre viajaba en una unidad de motor y fue herido de gravedad, atendido por param\u00e9dicos y trasladado a un nosocomio de esa ciudad y puerto; fue identificado como Edilberto P.<\/p>\n\n\n\n<p>Por la ma\u00f1ana, en inmediaciones de la calle Camino Real de la agencia de Montoya, ciudad de Oaxaca, junto a un lavaautos, un individuo fue agredido a balazos.<\/p>\n\n\n\n<p>De manera preliminar el hombre fue identificado \u00fanicamente por su apodo de \u201cEl Mach\u00edn\u201d y trasladado a un hospital de la capital oaxaque\u00f1a, donde convalece.<\/p>\n\n\n\n<p>En los tres ataques armados, no hay ninguna persona detenida, pese a los supuestos operativos policiacos municipales y estatal.<\/p>\n\n\n\n<p>Por otra parte, la zona norte del Istmo de Tehuantepec amaneci\u00f3 hoy sin transporte p\u00fablico, por el temor de un atentado presuntamente por el crimen organizado.<\/p>\n\n\n\n<p>Ello tras el incendio la semana pasada de una camioneta de carga y pasaje, en inmediaciones de San Juan Guichicovi, por negarse a pagar \u201cpiso\u201d, y por un mensaje que circul\u00f3 en redes sociales en que se amenaza a los transportistas de la zona.<\/p>\n\n\n\n<p>Las localidades m\u00e1s afectadas por el paro del transporte pertenecen al municipio de Mat\u00edas Romero, entre ellos Palomares.<\/p>\n\n\n\n<p>En tanto, esta noche el Gobierno del Estado de Oaxaca inform\u00f3 en un comunicado que implement\u00f3 un operativo de seguridad y vigilancia en las carreteras de la zona.<\/p>\n\n\n\n<figure class=\"wp-block-embed is-type-rich is-provider-twitter wp-block-embed-twitter\"><div class=\"wp-block-embed__wrapper\">\n<div class=\"twitter-tweet\"><blockquote class=\"twitter-tweet\" data-lang=\"es\"><p lang=\"es\" dir=\"ltr\"><a href=\"https:\/\/twitter.com\/hashtag\/%C3%9AltimoMinuto?src=hash&amp;ref_src=twsrc%5Etfw\">#\u00daltimoMinuto<\/a><br>Imparable la ola de violencia en la ciudad de <a href=\"https:\/\/twitter.com\/hashtag\/Oaxaca?src=hash&amp;ref_src=twsrc%5Etfw\">#Oaxaca<\/a>.<br>Esta ma\u00f1ana agreden a balazos a un individuo en el interior de un lavaautos en la agencia de Montoya.<br>Param\u00e9dicos lo trasladan grave a un hospital de la capital. <br>\u00bfY el secretario del <a href=\"https:\/\/twitter.com\/MunicipioSeguro?ref_src=twsrc%5Etfw\">@MunicipioSeguro<\/a>, Ra\u00fal\u2026 <a href=\"https:\/\/t.co\/fBXV54424N\">pic.twitter.com\/fBXV54424N<\/a><\/p>&mdash; Zona Roja Oaxaca (@ZonaRoja_Oaxaca) <a href=\"https:\/\/twitter.com\/ZonaRoja_Oaxaca\/status\/1700182234987155765?ref_src=twsrc%5Etfw\">8 de septiembre de 2023<\/a><\/blockquote><\/div>\n<\/div><\/figure>\n","protected":false},"excerpt":{"rendered":"<p>Ismael Garc\u00eda M.\/Zona Roja. Oaxaca de Ju\u00e1rez, Oax., a 8 de septiembre de 2023.- Una&hellip;<\/p>\n","protected":false},"author":2,"featured_media":59650,"comment_status":"closed","ping_status":"open","sticky":false,"template":"","format":"standard","meta":{"_lmt_disableupdate":"","_lmt_disable":"","_jetpack_memberships_contains_paid_content":false,"footnotes":""},"categories":[109,51],"tags":[123],"class_list":["post-59649","post","type-post","status-publish","format-standard","has-post-thumbnail","hentry","category-minuto-a-minuto","category-zona-roja","tag-juchitan-de-zaragoza"],"jetpack_featured_media_url":"https:\/\/zonaroja.com.mx\/wp-content\/uploads\/2023\/09\/Ejecutado-ex-funcionario-Juchitan.webp","jetpack_sharing_enabled":true,"_links":{"self":[{"href":"https:\/\/zonaroja.com.mx\/index.php?rest_route=\/wp\/v2\/posts\/59649","targetHints":{"allow":["GET"]}}],"collection":[{"href":"https:\/\/zonaroja.com.mx\/index.php?rest_route=\/wp\/v2\/posts"}],"about":[{"href":"https:\/\/zonaroja.com.mx\/index.php?rest_route=\/wp\/v2\/types\/post"}],"author":[{"embeddable":true,"href":"https:\/\/zonaroja.com.mx\/index.php?rest_route=\/wp\/v2\/users\/2"}],"replies":[{"embeddable":true,"href":"https:\/\/zonaroja.com.mx\/index.php?rest_route=%2Fwp%2Fv2%2Fcomments&post=59649"}],"version-history":[{"count":1,"href":"https:\/\/zonaroja.com.mx\/index.php?rest_route=\/wp\/v2\/posts\/59649\/revisions"}],"predecessor-version":[{"id":59651,"href":"https:\/\/zonaroja.com.mx\/index.php?rest_route=\/wp\/v2\/posts\/59649\/revisions\/59651"}],"wp:featuredmedia":[{"embeddable":true,"href":"https:\/\/zonaroja.com.mx\/index.php?rest_route=\/wp\/v2\/media\/59650"}],"wp:attachment":[{"href":"https:\/\/zonaroja.com.mx\/index.php?rest_route=%2Fwp%2Fv2%2Fmedia&parent=59649"}],"wp:term":[{"taxonomy":"category","embeddable":true,"href":"https:\/\/zonaroja.com.mx\/index.php?rest_route=%2Fwp%2Fv2%2Fcategories&post=59649"},{"taxonomy":"post_tag","embeddable":true,"href":"https:\/\/zonaroja.com.mx\/index.php?rest_route=%2Fwp%2Fv2%2Ftags&post=59649"}],"curies":[{"name":"wp","href":"https:\/\/api.w.org\/{rel}","templated":true}]}}