{"id":59652,"date":"2023-09-08T23:21:26","date_gmt":"2023-09-09T04:21:26","guid":{"rendered":"http:\/\/www.zonaroja.com.mx\/?p=59652"},"modified":"2023-09-08T23:21:35","modified_gmt":"2023-09-09T04:21:35","slug":"cumple-dos-dias-bloqueo-en-la-via-tuxtepec-oaxaca-queman-llantas","status":"publish","type":"post","link":"https:\/\/zonaroja.com.mx\/?p=59652","title":{"rendered":"Cumple dos d\u00edas bloqueo en la v\u00eda Tuxtepec-Oaxaca; queman llantas"},"content":{"rendered":"\n<p>Yuridiana Sosa\/Zona Roja.<\/p>\n\n\n\n<p>Oaxaca de Ju\u00e1rez, Oax., a 8 de septiembre de 2023.- Por segundo d\u00eda consecutivo, habitantes de la comunidad de San Isidro Naranjal, del municipio de San Jos\u00e9 Chiltepec en la regi\u00f3n Cuenca, bloquearon la carretera federal 175 Tuxtepec-Valle Nacional-Oaxaca, lo que impide el paso a la Sierra de Ju\u00e1rez y a la capital.&nbsp;<\/p>\n\n\n\n<p>Los manifestantes, instalados en la comunidad de Arroyo Cho\u00e1pam, exigen la intervenci\u00f3n directa de la Secretar\u00eda de Gobierno (Sego) anta la incapacidad de la Coordinaci\u00f3n Regional de Paz Social para destrabar el problema que mantiene sobre los ingresos recaudados hacia el balneario de las cascadas de El Naranjal.<\/p>\n\n\n\n<p>Pobladores de comunidades que conectan a la cabecera con ese destino adem\u00e1s demandan parte de los ingresos, por &nbsp;lo que en su momento tambi\u00e9n les cerraron el paso a sus vecinos de San Isidro, pues parte del camino fueron donados por los ejidatarios.<\/p>\n\n\n\n<p>Durante el cierre del paso federal, este viernes realizaron la quema de llantas y miles de personas tuvieron que cruzar caminando para trasbordar entre Tuxtepec y los municipios de Chiltepec, Jacatepec, Valle Nacional o con destino a la Sierra Ju\u00e1rez y la capital del estado o viceversa.<\/p>\n","protected":false},"excerpt":{"rendered":"<p>Yuridiana Sosa\/Zona Roja. Oaxaca de Ju\u00e1rez, Oax., a 8 de septiembre de 2023.- Por segundo&hellip;<\/p>\n","protected":false},"author":2,"featured_media":59653,"comment_status":"closed","ping_status":"open","sticky":false,"template":"","format":"standard","meta":{"_lmt_disableupdate":"","_lmt_disable":"","_jetpack_memberships_contains_paid_content":false,"footnotes":""},"categories":[109,47],"tags":[],"class_list":["post-59652","post","type-post","status-publish","format-standard","has-post-thumbnail","hentry","category-minuto-a-minuto","category-zona-gris"],"jetpack_featured_media_url":"https:\/\/zonaroja.com.mx\/wp-content\/uploads\/2023\/09\/Bloqueo-Chiltepec-carretera-Tuxtepec.jpg","jetpack_sharing_enabled":true,"_links":{"self":[{"href":"https:\/\/zonaroja.com.mx\/index.php?rest_route=\/wp\/v2\/posts\/59652","targetHints":{"allow":["GET"]}}],"collection":[{"href":"https:\/\/zonaroja.com.mx\/index.php?rest_route=\/wp\/v2\/posts"}],"about":[{"href":"https:\/\/zonaroja.com.mx\/index.php?rest_route=\/wp\/v2\/types\/post"}],"author":[{"embeddable":true,"href":"https:\/\/zonaroja.com.mx\/index.php?rest_route=\/wp\/v2\/users\/2"}],"replies":[{"embeddable":true,"href":"https:\/\/zonaroja.com.mx\/index.php?rest_route=%2Fwp%2Fv2%2Fcomments&post=59652"}],"version-history":[{"count":1,"href":"https:\/\/zonaroja.com.mx\/index.php?rest_route=\/wp\/v2\/posts\/59652\/revisions"}],"predecessor-version":[{"id":59654,"href":"https:\/\/zonaroja.com.mx\/index.php?rest_route=\/wp\/v2\/posts\/59652\/revisions\/59654"}],"wp:featuredmedia":[{"embeddable":true,"href":"https:\/\/zonaroja.com.mx\/index.php?rest_route=\/wp\/v2\/media\/59653"}],"wp:attachment":[{"href":"https:\/\/zonaroja.com.mx\/index.php?rest_route=%2Fwp%2Fv2%2Fmedia&parent=59652"}],"wp:term":[{"taxonomy":"category","embeddable":true,"href":"https:\/\/zonaroja.com.mx\/index.php?rest_route=%2Fwp%2Fv2%2Fcategories&post=59652"},{"taxonomy":"post_tag","embeddable":true,"href":"https:\/\/zonaroja.com.mx\/index.php?rest_route=%2Fwp%2Fv2%2Ftags&post=59652"}],"curies":[{"name":"wp","href":"https:\/\/api.w.org\/{rel}","templated":true}]}}