{"id":59660,"date":"2023-09-09T10:00:00","date_gmt":"2023-09-09T15:00:00","guid":{"rendered":"http:\/\/www.zonaroja.com.mx\/?p=59660"},"modified":"2023-09-09T08:16:16","modified_gmt":"2023-09-09T13:16:16","slug":"cero-tolerancia-a-delitos-de-violencia-familiar-4-a-prision-preventiva","status":"publish","type":"post","link":"https:\/\/zonaroja.com.mx\/?p=59660","title":{"rendered":"Cero tolerancia a delitos de violencia familiar: 4 a prisi\u00f3n preventiva"},"content":{"rendered":"\n<p>Redacci\u00f3n\/Zona Roja.<\/p>\n\n\n\n<p>Oaxaca de Ju\u00e1rez, Oax., a 9 de septiembre de 2023.- Como parte de la estrategia de cero tolerancia al delito de Violencia Familiar impulsado por la Fiscal\u00eda General del Estado de Oaxaca (FGEO), la Vicefiscal\u00eda Regional de la Cuenca obtuvo cuatro vinculaciones a proceso y una aprehensi\u00f3n contra personas distintos hombres que habr\u00edan cometido este delito.<\/p>\n\n\n\n<p>El primer caso corresponde a hechos denunciados el 25 de julio de 2023, cuando la v\u00edctima acudi\u00f3 a las oficinas de la Vicefiscal\u00eda a denunciar agresiones f\u00edsicas y psicol\u00f3gicas, por parte de su esposo, delito ocurrido en la localidad de Arroyo de Banco, en Valle Nacional.<\/p>\n\n\n\n<p>La FGEO obtuvo una orden de aprehensi\u00f3n que se ejecut\u00f3 en contra de E. G. P., quien qued\u00f3 a disposici\u00f3n del Juez que dict\u00f3 auto de vinculaci\u00f3n a proceso e impuso prisi\u00f3n preventiva como medida cautelar.<\/p>\n\n\n\n<p>El segundo hecho ocurri\u00f3 el 6 de julio de 2022, cuando una mujer y sus hijas sufrieron agresiones que se configuran en el delito de Violencia Familiar, por lo que presentaron su denuncia ante la Fiscal\u00eda de Oaxaca.<\/p>\n\n\n\n<p>Luego de realizar las investigaciones correspondientes, elementos de la Agencia Estatal de Investigaciones (AEI) aprehendieron al imputado que qued\u00f3 vinculado a proceso de acuerdo al dictamen emitido por un Juez, quien impuso prisi\u00f3n preventiva en contra de B. L. J. y otorg\u00f3 tres meses para el cierre de la investigaci\u00f3n.<\/p>\n\n\n\n<p>Sobre la tercera vinculaci\u00f3n a proceso obtenida por Violencia Familiar en la Cuenca, esta sucedi\u00f3 el 23 de enero de 2023, cuando la v\u00edctima se encontraba en su domicilio ubicado en la localidad de Arroyo Frijol, en el municipio de San Jos\u00e9 Chiltepec, momento en que result\u00f3 con lesiones luego de sufrir una agresi\u00f3n f\u00edsica.<\/p>\n\n\n\n<p>Tras acudir ante la FGEO, la Vicefiscal\u00eda realiz\u00f3 las indagatorias por las que se obtuvo una orden de aprehensi\u00f3n, que ejecutaron elementos de la AEI en contra de S. M. G. G., quien fue llevado ante un Juez que concedi\u00f3 la vinculaci\u00f3n a proceso en contra del imputado.<\/p>\n\n\n\n<p>El cuarto caso ocurri\u00f3 el 9 de julio de 2023, cuando la v\u00edctima se encontraba en su domicilio ubicado en el Fraccionamiento Sureste del municipio de San Juan Bautista Tuxtepec, cuando la agredieron f\u00edsica y verbalmente.<\/p>\n\n\n\n<p>La Fiscal\u00eda de Oaxaca detuvo a N. A. R. C. al ejecutarle una orden de aprehensi\u00f3n en su contra, por lo que qued\u00f3 a disposici\u00f3n del Juez que dict\u00f3 auto de vinculaci\u00f3n a proceso para el imputado.<\/p>\n\n\n\n<p>Mientras que, en el quinto caso, elementos de la AEI ejecutaron una orden de aprehensi\u00f3n en contra de M. G. D. por el delito de Violencia Familiar, cometido el 16 de julio de 2023, en la colonia Mar\u00eda Luisa de San Juan Bautista Tuxtepec; por lo que ser\u00e1 puesto a disposici\u00f3n del Juez que atiende la causa para determinar su situaci\u00f3n jur\u00eddica.<\/p>\n\n\n\n<p>La Fiscal\u00eda de Oaxaca cuenta con \u00e1reas especializadas en atenci\u00f3n a delitos por raz\u00f3n de g\u00e9nero, las cuales son clave para la procuraci\u00f3n de justicia en este tipo de casos adem\u00e1s de brindar acompa\u00f1amiento integral a las v\u00edctimas directas e indirectas.<\/p>\n\n\n\n<p>MAT\u00d3 A PROFESOR<\/p>\n\n\n\n<p>Por otra parte, las labores de investigaci\u00f3n e inteligencia realizadas por la Fiscal\u00eda General del Estado dieron como resultado la obtenci\u00f3n de una orden de aprehensi\u00f3n ejecutada en contra de S. C. R., quien fue detenido por el delito de Homicidio Calificado en agravio de un profesor identificado como M. H. V., ocurrido en la regi\u00f3n de la Sierra Sur.<\/p>\n\n\n\n<p>Los hechos ocurrieron el 26 de septiembre de 2021, cuando la v\u00edctima se encontraba en Santiago Amoltepec, donde trabajaba como profesor, cuando fue interceptado y agredido a balazos, ataque por el que result\u00f3 lesionado por proyectil de arma de fuego, sufriendo lesiones por las cuales perdi\u00f3 la vida.<\/p>\n\n\n\n<p>Ante los hechos, la Vicefiscal\u00eda General de Control Regional atrajo las investigaciones del caso, las cuales permitieron obtener una orden de aprehensi\u00f3n.<\/p>\n\n\n\n<p>Elementos de la Agencia Estatal de Investigaciones (AEI) se dieron a la tarea de dar con el paradero de S.C.R., a quien rastrearon y localizaron cuando se encontraba sobre la carretera antigua a San Luis Beltr\u00e1n, en la Colonia Siete Regiones del municipio de Oaxaca de Ju\u00e1rez, donde fue detenido para dar cumplimiento al mandato judicial.<\/p>\n\n\n\n<p>Tras su captura, el imputado fue trasladado al distrito de Villa de Sola de Vega, para ponerlo a disposici\u00f3n ante la Representaci\u00f3n Social, para determinar su situaci\u00f3n jur\u00eddica en las pr\u00f3ximas horas.<\/p>\n","protected":false},"excerpt":{"rendered":"<p>Redacci\u00f3n\/Zona Roja. Oaxaca de Ju\u00e1rez, Oax., a 9 de septiembre de 2023.- Como parte de&hellip;<\/p>\n","protected":false},"author":2,"featured_media":28830,"comment_status":"closed","ping_status":"open","sticky":false,"template":"","format":"standard","meta":{"_lmt_disableupdate":"","_lmt_disable":"","_jetpack_memberships_contains_paid_content":false,"footnotes":""},"categories":[109,46],"tags":[494],"class_list":["post-59660","post","type-post","status-publish","format-standard","has-post-thumbnail","hentry","category-minuto-a-minuto","category-zona-blanca","tag-fiscalia-general-del-estado-de-oaxaca"],"jetpack_featured_media_url":"https:\/\/zonaroja.com.mx\/wp-content\/uploads\/2021\/06\/Violencia-genero-contra-mujer.jpg","jetpack_sharing_enabled":true,"_links":{"self":[{"href":"https:\/\/zonaroja.com.mx\/index.php?rest_route=\/wp\/v2\/posts\/59660","targetHints":{"allow":["GET"]}}],"collection":[{"href":"https:\/\/zonaroja.com.mx\/index.php?rest_route=\/wp\/v2\/posts"}],"about":[{"href":"https:\/\/zonaroja.com.mx\/index.php?rest_route=\/wp\/v2\/types\/post"}],"author":[{"embeddable":true,"href":"https:\/\/zonaroja.com.mx\/index.php?rest_route=\/wp\/v2\/users\/2"}],"replies":[{"embeddable":true,"href":"https:\/\/zonaroja.com.mx\/index.php?rest_route=%2Fwp%2Fv2%2Fcomments&post=59660"}],"version-history":[{"count":1,"href":"https:\/\/zonaroja.com.mx\/index.php?rest_route=\/wp\/v2\/posts\/59660\/revisions"}],"predecessor-version":[{"id":59661,"href":"https:\/\/zonaroja.com.mx\/index.php?rest_route=\/wp\/v2\/posts\/59660\/revisions\/59661"}],"wp:featuredmedia":[{"embeddable":true,"href":"https:\/\/zonaroja.com.mx\/index.php?rest_route=\/wp\/v2\/media\/28830"}],"wp:attachment":[{"href":"https:\/\/zonaroja.com.mx\/index.php?rest_route=%2Fwp%2Fv2%2Fmedia&parent=59660"}],"wp:term":[{"taxonomy":"category","embeddable":true,"href":"https:\/\/zonaroja.com.mx\/index.php?rest_route=%2Fwp%2Fv2%2Fcategories&post=59660"},{"taxonomy":"post_tag","embeddable":true,"href":"https:\/\/zonaroja.com.mx\/index.php?rest_route=%2Fwp%2Fv2%2Ftags&post=59660"}],"curies":[{"name":"wp","href":"https:\/\/api.w.org\/{rel}","templated":true}]}}