{"id":59662,"date":"2023-09-09T11:00:00","date_gmt":"2023-09-09T16:00:00","guid":{"rendered":"http:\/\/www.zonaroja.com.mx\/?p=59662"},"modified":"2023-09-09T08:24:46","modified_gmt":"2023-09-09T13:24:46","slug":"declara-el-teeo-que-edil-de-san-juan-guelavia-cometio-violencia-politica","status":"publish","type":"post","link":"https:\/\/zonaroja.com.mx\/?p=59662","title":{"rendered":"Declara el TEEO que edil de San Juan Guelav\u00eda cometi\u00f3 violencia pol\u00edtica"},"content":{"rendered":"\n<p>Redacci\u00f3n\/Zona Roja.&nbsp;<\/p>\n\n\n\n<p>Oaxaca de Ju\u00e1rez, Oaxaca, a 9 de septiembre de 2023.- En sesi\u00f3n p\u00fablica, el pleno del Tribunal Electoral del Estado de Oaxaca (TEEO), por unanimidad, declar\u00f3 existente la violencia pol\u00edtica en raz\u00f3n de g\u00e9nero, cometida por el presidente municipal de San Juan Guelav\u00eda en contra de una regidora de ese ayuntamiento.<\/p>\n\n\n\n<p>En la resoluci\u00f3n del Juicio de la Ciudadan\u00eda, identificado con la clave JDCI\/73\/2023, el \u00f3rgano jurisdiccional se\u00f1al\u00f3 que, en el estudio de este asunto, result\u00f3 evidente que los actos realizados por el presidente, llevaron impl\u00edcito el \u00e1nimo de invisibilizar a la actora, pues qued\u00f3 demostrado que se refiri\u00f3 a ella con expresiones denigrantes, adem\u00e1s, se advirti\u00f3 una asimetr\u00eda de poder que trastoca la dignidad humana de la concejal.<\/p>\n\n\n\n<p>Estas acciones, agreg\u00f3, se enmarcan en los cinco elementos del Protocolo para Atender la Violencia Pol\u00edtica Contra las Mujeres.<\/p>\n\n\n\n<p>En consecuencia, este Tribunal dict\u00f3 medidas de reparaci\u00f3n a favor de la regidora, en las cuales vincul\u00f3 a la Secretar\u00eda de las Mujeres de Oaxaca, a fin de que implemente un taller o curso integral de capacitaci\u00f3n y sensibilizaci\u00f3n en temas de violencia pol\u00edtica en raz\u00f3n de g\u00e9nero, a los integrantes del ayuntamiento de San Juan Guelav\u00eda.&nbsp;<\/p>\n","protected":false},"excerpt":{"rendered":"<p>Redacci\u00f3n\/Zona Roja.&nbsp; Oaxaca de Ju\u00e1rez, Oaxaca, a 9 de septiembre de 2023.- En sesi\u00f3n p\u00fablica,&hellip;<\/p>\n","protected":false},"author":2,"featured_media":59663,"comment_status":"closed","ping_status":"open","sticky":false,"template":"","format":"standard","meta":{"_lmt_disableupdate":"","_lmt_disable":"","_jetpack_memberships_contains_paid_content":false,"footnotes":""},"categories":[109,47],"tags":[3672],"class_list":["post-59662","post","type-post","status-publish","format-standard","has-post-thumbnail","hentry","category-minuto-a-minuto","category-zona-gris","tag-san-juan-guelavia-2"],"jetpack_featured_media_url":"https:\/\/zonaroja.com.mx\/wp-content\/uploads\/2023\/09\/San-Juan-Guelavia.jpg","jetpack_sharing_enabled":true,"_links":{"self":[{"href":"https:\/\/zonaroja.com.mx\/index.php?rest_route=\/wp\/v2\/posts\/59662","targetHints":{"allow":["GET"]}}],"collection":[{"href":"https:\/\/zonaroja.com.mx\/index.php?rest_route=\/wp\/v2\/posts"}],"about":[{"href":"https:\/\/zonaroja.com.mx\/index.php?rest_route=\/wp\/v2\/types\/post"}],"author":[{"embeddable":true,"href":"https:\/\/zonaroja.com.mx\/index.php?rest_route=\/wp\/v2\/users\/2"}],"replies":[{"embeddable":true,"href":"https:\/\/zonaroja.com.mx\/index.php?rest_route=%2Fwp%2Fv2%2Fcomments&post=59662"}],"version-history":[{"count":1,"href":"https:\/\/zonaroja.com.mx\/index.php?rest_route=\/wp\/v2\/posts\/59662\/revisions"}],"predecessor-version":[{"id":59664,"href":"https:\/\/zonaroja.com.mx\/index.php?rest_route=\/wp\/v2\/posts\/59662\/revisions\/59664"}],"wp:featuredmedia":[{"embeddable":true,"href":"https:\/\/zonaroja.com.mx\/index.php?rest_route=\/wp\/v2\/media\/59663"}],"wp:attachment":[{"href":"https:\/\/zonaroja.com.mx\/index.php?rest_route=%2Fwp%2Fv2%2Fmedia&parent=59662"}],"wp:term":[{"taxonomy":"category","embeddable":true,"href":"https:\/\/zonaroja.com.mx\/index.php?rest_route=%2Fwp%2Fv2%2Fcategories&post=59662"},{"taxonomy":"post_tag","embeddable":true,"href":"https:\/\/zonaroja.com.mx\/index.php?rest_route=%2Fwp%2Fv2%2Ftags&post=59662"}],"curies":[{"name":"wp","href":"https:\/\/api.w.org\/{rel}","templated":true}]}}