{"id":59673,"date":"2023-09-09T14:00:00","date_gmt":"2023-09-09T19:00:00","guid":{"rendered":"http:\/\/www.zonaroja.com.mx\/?p=59673"},"modified":"2023-09-09T08:46:10","modified_gmt":"2023-09-09T13:46:10","slug":"tras-ser-exhibido-por-fin-aspirante-a-edil-de-huautla-reconoce-su-paternidad-y-responsabilidades","status":"publish","type":"post","link":"https:\/\/zonaroja.com.mx\/?p=59673","title":{"rendered":"Tras ser exhibido, por fin aspirante a edil de Huautla reconoce su paternidad y responsabilidades"},"content":{"rendered":"\n<p>Yuridiana Sosa\/Zona Roja.<\/p>\n\n\n\n<p>Oaxaca de Ju\u00e1rez, Oax., a 9 de septiembre de 2023.- Luego de varios meses de denuncia p\u00fablica, as\u00ed como un largo proceso jur\u00eddico, la joven Hari Dafne logr\u00f3 que su progenitor, el morenista Vladimir L\u00f3pez Pineda, le diera el reconocimiento legal de paternidad y aceptaci\u00f3n de cubrir una pensi\u00f3n alimenticia.<\/p>\n\n\n\n<p>As\u00ed lo dio a conocer la joven de 19 a\u00f1os de edad en sus redes sociales, en la que en una publicaci\u00f3n del 24 de agosto indic\u00f3 el fin del proceso para el reconocimiento legal de la paternidad ante las autoridades correspondientes y otra m\u00e1s de este 6 de septiembre relacionada al tema del cumplimiento total de sus derechos.<\/p>\n\n\n\n<p>Desde hace m\u00e1s de dos meses el caso de L\u00f3pez Pineda comenz\u00f3 a ser p\u00fablico tras la denuncia de su propia hija, quien detall\u00f3 el abandono de su progenitor desde su nacimiento.<\/p>\n\n\n\n<p>Vladimir L\u00f3pez, se ha desempe\u00f1ado como asesor del Congreso de Oaxaca, y recientemente se ha vinculado ser colaborador y sostener una relaci\u00f3n sentimental con la titular de la Secretar\u00eda de la Mujer, Elisa Zepeda, as\u00ed como tener aspiraciones a ser candidato a la presidencia de Huautla de Jim\u00e9nez.<\/p>\n\n\n\n<p>LOGRO<\/p>\n\n\n\n<p>En su publicaci\u00f3n m\u00e1s reciente, Hari comparti\u00f3 una imagen junto a su padre biol\u00f3gico. En su mensaje destac\u00f3 que el proceso fue \u201cm\u00e1s largo de lo deseado y con muchos temores y problemas\u201d.<\/p>\n\n\n\n<p>Pero destac\u00f3: \u201cmi padre biol\u00f3gico y yo hemos cerrado esta etapa de reconocimiento de paternidad legal. Estamos en proceso de definir los acuerdos para el cumplimiento total de mis derechos, y se ha determinado fijar una pensi\u00f3n que cubrir\u00e1 mis necesidades\u201d.<\/p>\n\n\n\n<p>As\u00ed tambi\u00e9n agradeci\u00f3 el apoyo de los colectivos de mujeres y defensoras, como el que impulsa la Ley Sabina \u2013Deudores Alimentarios Oaxaca-, a trav\u00e9s del cual dio a conocer su caso.<\/p>\n\n\n\n<p>Lament\u00f3 que su caso se haya utilizado para da\u00f1ar indirectamente a terceras personas y para politizar.<\/p>\n\n\n\n<p>En tanto, que por ahora su \u201c\u00fanico deseo es continuar, cumplir con mis metas y apoyar a m\u00e1s personas en la misma situaci\u00f3n\u201d.<\/p>\n\n\n\n<p>Fue en la publicaci\u00f3n del pasado 24 de agosto en la que comparti\u00f3 el fin del proceso legal del reconocimiento de paternidad.<\/p>\n\n\n\n<p>\u201cAlgo que pensaba que no lograr\u00eda, en muchas ocasiones el miedo me invad\u00eda, el arrepentimiento de haber hecho p\u00fablica mi situaci\u00f3n, pero al ver el apoyo de esta gran comunidad, la hermandad de varias madres, hijas e hijos en la misma situaci\u00f3n que yo, sus palabras de aliento y la presi\u00f3n medi\u00e1tica que se hizo, finalmente lo logramos\u201d, escribi\u00f3.&nbsp;<\/p>\n","protected":false},"excerpt":{"rendered":"<p>Yuridiana Sosa\/Zona Roja. Oaxaca de Ju\u00e1rez, Oax., a 9 de septiembre de 2023.- Luego de&hellip;<\/p>\n","protected":false},"author":2,"featured_media":59674,"comment_status":"closed","ping_status":"open","sticky":false,"template":"","format":"standard","meta":{"_lmt_disableupdate":"","_lmt_disable":"","_jetpack_memberships_contains_paid_content":false,"footnotes":""},"categories":[109,47],"tags":[3588],"class_list":["post-59673","post","type-post","status-publish","format-standard","has-post-thumbnail","hentry","category-minuto-a-minuto","category-zona-gris","tag-vladimir-lopez-pineda"],"jetpack_featured_media_url":"https:\/\/zonaroja.com.mx\/wp-content\/uploads\/2023\/09\/Vladimir-Lopez-Pineda.jpg","jetpack_sharing_enabled":true,"_links":{"self":[{"href":"https:\/\/zonaroja.com.mx\/index.php?rest_route=\/wp\/v2\/posts\/59673","targetHints":{"allow":["GET"]}}],"collection":[{"href":"https:\/\/zonaroja.com.mx\/index.php?rest_route=\/wp\/v2\/posts"}],"about":[{"href":"https:\/\/zonaroja.com.mx\/index.php?rest_route=\/wp\/v2\/types\/post"}],"author":[{"embeddable":true,"href":"https:\/\/zonaroja.com.mx\/index.php?rest_route=\/wp\/v2\/users\/2"}],"replies":[{"embeddable":true,"href":"https:\/\/zonaroja.com.mx\/index.php?rest_route=%2Fwp%2Fv2%2Fcomments&post=59673"}],"version-history":[{"count":1,"href":"https:\/\/zonaroja.com.mx\/index.php?rest_route=\/wp\/v2\/posts\/59673\/revisions"}],"predecessor-version":[{"id":59675,"href":"https:\/\/zonaroja.com.mx\/index.php?rest_route=\/wp\/v2\/posts\/59673\/revisions\/59675"}],"wp:featuredmedia":[{"embeddable":true,"href":"https:\/\/zonaroja.com.mx\/index.php?rest_route=\/wp\/v2\/media\/59674"}],"wp:attachment":[{"href":"https:\/\/zonaroja.com.mx\/index.php?rest_route=%2Fwp%2Fv2%2Fmedia&parent=59673"}],"wp:term":[{"taxonomy":"category","embeddable":true,"href":"https:\/\/zonaroja.com.mx\/index.php?rest_route=%2Fwp%2Fv2%2Fcategories&post=59673"},{"taxonomy":"post_tag","embeddable":true,"href":"https:\/\/zonaroja.com.mx\/index.php?rest_route=%2Fwp%2Fv2%2Ftags&post=59673"}],"curies":[{"name":"wp","href":"https:\/\/api.w.org\/{rel}","templated":true}]}}