{"id":59677,"date":"2023-09-10T13:30:00","date_gmt":"2023-09-10T18:30:00","guid":{"rendered":"http:\/\/www.zonaroja.com.mx\/?p=59677"},"modified":"2023-09-10T08:24:20","modified_gmt":"2023-09-10T13:24:20","slug":"convoca-poder-judicial-a-cursar-la-maestria-en-derecho-judicial","status":"publish","type":"post","link":"https:\/\/zonaroja.com.mx\/?p=59677","title":{"rendered":"Convoca Poder Judicial a cursar\u00a0la maestr\u00eda en Derecho Judicial"},"content":{"rendered":"\n<p>Redacci\u00f3n\/Zona Roja.<\/p>\n\n\n\n<p>Oaxaca de Ju\u00e1rez, Oax., a 10 de septiembre de 2023.- En los lazos de colaboraci\u00f3n acad\u00e9mica que mantienen el&nbsp;Poder Judicial del Estado&nbsp;y&nbsp;la Universidad de&nbsp;Perugia, Italia,&nbsp;ambas instituciones emitieron&nbsp;la convocatoria&nbsp;para cursar los estudios de&nbsp;Maestr\u00eda en Derecho Judicial,&nbsp;en su segunda&nbsp;generaci\u00f3n, la cual estar\u00e1 abierta hasta el 13 de octubre del presente a\u00f1o para la recepci\u00f3n de documentos de las y los interesados.&nbsp;<\/p>\n\n\n\n<p>El posgrado de naturaleza&nbsp;internacional est\u00e1&nbsp;dirigido&nbsp;a magistradas, magistrados, juezas, jueces y dem\u00e1s operadores jurisdiccionales de la instituci\u00f3n, de los poderes judiciales de la Rep\u00fablica Mexicana y de Latinoam\u00e9rica,&nbsp;tendr\u00e1 una duraci\u00f3n de dos a\u00f1os e iniciar\u00e1&nbsp;en enero de 2024, con sesiones de manera presencial y a distancia.<\/p>\n\n\n\n<p>De acuerdo con las bases de la convocatoria,&nbsp;que se encuentra disponible para su consulta en el portal web institucional&nbsp;www.tribunaloax.gob.mx&nbsp;para el procedimiento de postulaci\u00f3n y aceptaci\u00f3n las y los interesados deben presentar solicitud de admisi\u00f3n, con fotograf\u00eda reciente, cuyo formato se&nbsp;puede solicitar en la Unidad de Formaci\u00f3n de la Escuela Judicial o a trav\u00e9s del correo electr\u00f3nico&nbsp;controlescolar_ejoax@hotmail.com.<\/p>\n\n\n\n<p>Ante el contexto actual, uno de los ejes prioritarios en la administraci\u00f3n del magistrado Eduardo Pinacho S\u00e1nchez ha sido la de fortalecer un sistema de justicia m\u00e1s eficiente, sensible y humanizado; por lo cual, la actualizaci\u00f3n y profesionalizaci\u00f3n de las y los servidores p\u00fablicos judiciales es un aspecto clave.&nbsp;<\/p>\n\n\n\n<p>Estos estudios representan una oportunidad de experiencia acad\u00e9mica internacional, sin precedentes<\/p>\n\n\n\n<p>para los operadores jurisdiccionales de todo el pa\u00eds e incluso de otras partes del mundo.<\/p>\n","protected":false},"excerpt":{"rendered":"<p>Redacci\u00f3n\/Zona Roja. Oaxaca de Ju\u00e1rez, Oax., a 10 de septiembre de 2023.- En los lazos&hellip;<\/p>\n","protected":false},"author":2,"featured_media":59678,"comment_status":"closed","ping_status":"open","sticky":false,"template":"","format":"standard","meta":{"_lmt_disableupdate":"","_lmt_disable":"","_jetpack_memberships_contains_paid_content":false,"footnotes":""},"categories":[109,46],"tags":[223],"class_list":["post-59677","post","type-post","status-publish","format-standard","has-post-thumbnail","hentry","category-minuto-a-minuto","category-zona-blanca","tag-poder-judicial-de-oaxaca"],"jetpack_featured_media_url":"https:\/\/zonaroja.com.mx\/wp-content\/uploads\/2023\/09\/Continua-el-registro-de-aspirantes-a-la-maestria-en-Derecho-Judicial.jpg","jetpack_sharing_enabled":true,"_links":{"self":[{"href":"https:\/\/zonaroja.com.mx\/index.php?rest_route=\/wp\/v2\/posts\/59677","targetHints":{"allow":["GET"]}}],"collection":[{"href":"https:\/\/zonaroja.com.mx\/index.php?rest_route=\/wp\/v2\/posts"}],"about":[{"href":"https:\/\/zonaroja.com.mx\/index.php?rest_route=\/wp\/v2\/types\/post"}],"author":[{"embeddable":true,"href":"https:\/\/zonaroja.com.mx\/index.php?rest_route=\/wp\/v2\/users\/2"}],"replies":[{"embeddable":true,"href":"https:\/\/zonaroja.com.mx\/index.php?rest_route=%2Fwp%2Fv2%2Fcomments&post=59677"}],"version-history":[{"count":3,"href":"https:\/\/zonaroja.com.mx\/index.php?rest_route=\/wp\/v2\/posts\/59677\/revisions"}],"predecessor-version":[{"id":59708,"href":"https:\/\/zonaroja.com.mx\/index.php?rest_route=\/wp\/v2\/posts\/59677\/revisions\/59708"}],"wp:featuredmedia":[{"embeddable":true,"href":"https:\/\/zonaroja.com.mx\/index.php?rest_route=\/wp\/v2\/media\/59678"}],"wp:attachment":[{"href":"https:\/\/zonaroja.com.mx\/index.php?rest_route=%2Fwp%2Fv2%2Fmedia&parent=59677"}],"wp:term":[{"taxonomy":"category","embeddable":true,"href":"https:\/\/zonaroja.com.mx\/index.php?rest_route=%2Fwp%2Fv2%2Fcategories&post=59677"},{"taxonomy":"post_tag","embeddable":true,"href":"https:\/\/zonaroja.com.mx\/index.php?rest_route=%2Fwp%2Fv2%2Ftags&post=59677"}],"curies":[{"name":"wp","href":"https:\/\/api.w.org\/{rel}","templated":true}]}}