{"id":5968,"date":"2019-11-22T09:12:31","date_gmt":"2019-11-22T15:12:31","guid":{"rendered":"http:\/\/www.zonaroja.com.mx\/?p=5968"},"modified":"2019-11-22T09:33:36","modified_gmt":"2019-11-22T15:33:36","slug":"aprueban-diputados-presupuesto-de-6-billones-100-mil-mdp-para-2020","status":"publish","type":"post","link":"https:\/\/zonaroja.com.mx\/?p=5968","title":{"rendered":"Aprueban diputados presupuesto de 6 billones 100 mil mdp para 2020"},"content":{"rendered":"\n<p>Redacci\u00f3n\/Zona Roja Cdmx.<\/p>\n\n\n\n<p>Ciudad de M\u00e9xico, 22 de noviembre de\n2019.- La C\u00e1mara de Diputados aprob\u00f3 esta madrugada, en votaci\u00f3n nominal, con\n321 votos en favor, de Morena, PES, PT y Verde; 78 en contra, de PRI y MC, y\ncero abstenciones, un gasto p\u00fablico de seis billones 100 mil millones de pesos,\nque atender\u00e1 sectores sensibles, como combate a la pobreza, apoyo al campo,\neducaci\u00f3n y agua potable.<\/p>\n\n\n\n<p>Anoche, en el centro de exposiciones de\nSanta Fe, habilitado como sede alterna, el sector mayoritario, integrado por\nMorena-PT-PES y su aliado coyuntural, el PVEM, argument\u00f3 que se mantendr\u00e1n a\ncabalidad los programas sociales del gobierno federal y se abatir\u00e1n por siempre\nlos denominados moches.<\/p>\n\n\n\n<p>La oposici\u00f3n, encabezada por el PRI\n\u2013una vez que la bancada del PAN se ausent\u00f3, se\u00f1alando el desaseo constitucional\nque borde\u00f3 la aprobaci\u00f3n presupuestaria\u2013, se pronunci\u00f3 en contra de los\nrecortes y reasignaciones aplicados al proyecto original. Enrique Ochoa Reza\nreproch\u00f3 el ajuste al gasto en la Fiscal\u00eda General de la Rep\u00fablica y el\nInstituto Nacional Electoral (INE), as\u00ed como el nulo crecimiento presupuestal\nen las secretar\u00edas de la Defensa Nacional y Marina. Nos pronunciamos por\nenmendar ese error; la sociedad demanda seguridad. A la par no es una buena\nse\u00f1al el trato al gasto de las peque\u00f1as empresas.<\/p>\n\n\n\n<p>Por el contrario, Pablo G\u00f3mez \u00c1lvarez,\nvicecoordinador de Morena, neg\u00f3 que en el cuerpo del decreto se reduzcan los\nrecursos del \u00f3rgano electoral y del Poder Judicial: nosotros hicimos un\nan\u00e1lisis muy profundo de los presupuestos de los \u00f3rgano aut\u00f3nomos y del Poder\nJudicial. Al INE se le incrementaron mil 300 millones de pesos y al Poder\nJudicial mil 500 millones, repuso.<\/p>\n\n\n\n<p>En Santa Fe, la larga jornada que se\ninici\u00f3 al mediod\u00eda arroj\u00f3 frutos a las 7 de la noche, cuando la Comisi\u00f3n de\nPresupuesto, a pesar de las cr\u00edticas de un sector de diputados, aprob\u00f3 en lo\ngeneral, con 34 votos en favor y 12 en contra, el proyecto de decreto.<\/p>\n\n\n\n<p>As\u00ed, a las 21:16, con el tintineo de la\ncampanilla de la presidencia, Laura Rojas regres\u00f3 el tiempo y reanud\u00f3 la\nsesi\u00f3n, en receso desde el 6 de noviembre, y se autoriz\u00f3 modificar el orden del\nd\u00eda para iniciar, de inmediato, la discusi\u00f3n y debate del Presupuesto de\nEgresos de la Federaci\u00f3n (PEF) 2020.<\/p>\n","protected":false},"excerpt":{"rendered":"<p>Redacci\u00f3n\/Zona Roja Cdmx. Ciudad de M\u00e9xico, 22 de noviembre de 2019.- La C\u00e1mara de Diputados&hellip;<\/p>\n","protected":false},"author":2,"featured_media":5975,"comment_status":"closed","ping_status":"open","sticky":false,"template":"","format":"standard","meta":{"_lmt_disableupdate":"","_lmt_disable":"","_jetpack_memberships_contains_paid_content":false,"footnotes":""},"categories":[109,46],"tags":[1042,998],"class_list":["post-5968","post","type-post","status-publish","format-standard","has-post-thumbnail","hentry","category-minuto-a-minuto","category-zona-blanca","tag-camara-de-diputados-federal","tag-presupuesto-de-egresos-2020"],"jetpack_featured_media_url":"https:\/\/zonaroja.com.mx\/wp-content\/uploads\/2019\/11\/Presupuesto.jpg","jetpack_sharing_enabled":true,"_links":{"self":[{"href":"https:\/\/zonaroja.com.mx\/index.php?rest_route=\/wp\/v2\/posts\/5968","targetHints":{"allow":["GET"]}}],"collection":[{"href":"https:\/\/zonaroja.com.mx\/index.php?rest_route=\/wp\/v2\/posts"}],"about":[{"href":"https:\/\/zonaroja.com.mx\/index.php?rest_route=\/wp\/v2\/types\/post"}],"author":[{"embeddable":true,"href":"https:\/\/zonaroja.com.mx\/index.php?rest_route=\/wp\/v2\/users\/2"}],"replies":[{"embeddable":true,"href":"https:\/\/zonaroja.com.mx\/index.php?rest_route=%2Fwp%2Fv2%2Fcomments&post=5968"}],"version-history":[{"count":1,"href":"https:\/\/zonaroja.com.mx\/index.php?rest_route=\/wp\/v2\/posts\/5968\/revisions"}],"predecessor-version":[{"id":5970,"href":"https:\/\/zonaroja.com.mx\/index.php?rest_route=\/wp\/v2\/posts\/5968\/revisions\/5970"}],"wp:featuredmedia":[{"embeddable":true,"href":"https:\/\/zonaroja.com.mx\/index.php?rest_route=\/wp\/v2\/media\/5975"}],"wp:attachment":[{"href":"https:\/\/zonaroja.com.mx\/index.php?rest_route=%2Fwp%2Fv2%2Fmedia&parent=5968"}],"wp:term":[{"taxonomy":"category","embeddable":true,"href":"https:\/\/zonaroja.com.mx\/index.php?rest_route=%2Fwp%2Fv2%2Fcategories&post=5968"},{"taxonomy":"post_tag","embeddable":true,"href":"https:\/\/zonaroja.com.mx\/index.php?rest_route=%2Fwp%2Fv2%2Ftags&post=5968"}],"curies":[{"name":"wp","href":"https:\/\/api.w.org\/{rel}","templated":true}]}}