{"id":59680,"date":"2023-09-10T17:51:00","date_gmt":"2023-09-10T22:51:00","guid":{"rendered":"http:\/\/www.zonaroja.com.mx\/?p=59680"},"modified":"2023-09-09T22:39:10","modified_gmt":"2023-09-10T03:39:10","slug":"militarizacion-en-mexico-sigue-poniendo-en-riesgo-los-derechos-humanos","status":"publish","type":"post","link":"https:\/\/zonaroja.com.mx\/?p=59680","title":{"rendered":"Militarizaci\u00f3n en M\u00e9xico sigue poniendo en riesgo los derechos humanos"},"content":{"rendered":"\n<p>Redacci\u00f3n\/Zona Roja Cdmx.<\/p>\n\n\n\n<p>Ciudad de M\u00e9xico, a 10 de septiembre de 2023.-La Oficina en Washington para Asuntos Latinoamericanos (WOLA) alert\u00f3 en su m\u00e1s reciente informe \u00abTransformaci\u00f3n militarizada\u00bb , presentado este 6 de septiembre, que la militarizaci\u00f3n en M\u00e9xico sin controles civiles sigue poniendo en riesgo los derechos humanos.<\/p>\n\n\n\n<p>El informe revel\u00f3 que las fuerzas militares mantienen alarmantes deficiencias en el registro de las detenciones ejecutadas por su personal, pues document\u00f3 que tanto la Secretar\u00eda de la Defensa Nacional, la Secretar\u00eda de Marina y la Guardia Nacional han sido omisas y no registran las detenciones que realizan en el Registro Nacional de Detenciones (RND) \u2014herramienta creada en 2019 para proteger los derechos humanos\u2014, pese a que por ley est\u00e1n obligadas a hacerlo.<\/p>\n\n\n\n<p>En el caso de la Sedena, en 2022, la dependencia le report\u00f3 a WOLA la cifra de 7,370 personas detenidas en flagrancia por su personal y la Semar le report\u00f3 un total de 1,996. Sin embargo, el RND solamente registr\u00f3 2,066 personas detenidas por fuerzas militares en ese a\u00f1o; lo que representa que cerca del 80% de las detenciones no fueron registradas.<\/p>\n\n\n\n<p>\u00abSi las discrepancias referidas no se deben a limitaciones en el acceso o la transmisi\u00f3n de la informaci\u00f3n que obra en el RND \u2014factor que no podemos descartar\u2014, entonces sugieren que la mayor\u00eda de las detenciones militares o no se registran en el RND, o bien son registradas de una manera que no permita saber que fueron realizadas por personal militar\u00bb, subraya WOLA en su informe.<\/p>\n\n\n\n<p>Adem\u00e1s de que existe un subregistro de personas detenidas por las Fuerzas Armadas de M\u00e9xico, el informe advierte tambi\u00e9n que de acuerdo con datos de la Fiscal\u00eda General de la Rep\u00fablica (FGR), en 2022 se iniciaron m\u00e1s de 100 investigaciones en contra de uno o m\u00e1s elementos de la Sedena, Semar y la GN, la mayor\u00eda de ellas contin\u00faan en la impunidad, las cuales incluyen:<\/p>\n\n\n\n<p>17 investigaciones por tortura a integrantes de la Sedena; nueve en el caso de la Semar y 22 en el caso de la GN.<\/p>\n\n\n\n<p>11 investigaciones por tratos o penas crueles, inhumanos o degradantes en las que se investiga a uno o m\u00e1s integrantes de la Sedena; cinco en el caso de la Semar y 42 en el caso de la GN.<\/p>\n\n\n\n<p>18 investigaciones por desaparici\u00f3n forzada a miembros de la Sedena, siete en el caso de la Semar y tres en el caso de la GN.<\/p>\n\n\n\n<p>Si bien WOLA reconoci\u00f3 que ha habido una reducci\u00f3n en el n\u00famero y la letalidad de los enfrentamientos entre militares y civiles, los datos oficiales muestran que los \u00edndices de letalidad registrados por las fuerzas federales todav\u00eda rebasan los niveles esperados.<\/p>\n\n\n\n<p>Respecto a los casos de ejecuciones arbitrarias por integrantes de las fuerzas federales en el presente sexenio, el informe apunta que se siguen documentado pr\u00e1cticas tendientes a obstaculizar el acceso a la verdad y la justicia que replican patrones vigentes desde sexenios anteriores.<\/p>\n\n\n\n<p>Ante este panorama, la organizaci\u00f3n reiter\u00f3 el llamado a fortalecer los controles civiles sobre las Fuerzas Armadas.<\/p>\n\n\n\n<p>Stephanie Brewer, directora de WOLA para M\u00e9xico, insisti\u00f3 en que \u00abel poder sin controles es un camino de alto riesgo para los derechos humanos\u00bb y que, en el caso del Estado mexicano se \u00bb est\u00e1 concentrando cada vez m\u00e1s poder en instituciones conocidas precisamente por su opacidad, y lo est\u00e1 haciendo sin controles civiles adecuados, en un proceso que ser\u00e1 dif\u00edcil de revertir\u201d.<\/p>\n\n\n\n<p>\u201cEs fundamental transitar a la desmilitarizaci\u00f3n y apostar por instituciones civiles\u201d, resalt\u00f3.<\/p>\n\n\n\n<p>Pero pese a que este no es el primer informe que advierte sobre los riesgos de la militarizaci\u00f3n en M\u00e9xico y de las omisiones en que fuerzas militares se han visto involucradas, como las recientes revelaciones de espionaje contra activistas con el malware Pegasus, o el ocultamiento de informaci\u00f3n en el caso Ayotzinapa:<\/p>\n\n\n\n<p>\u00abEl presidente Andr\u00e9s Manuel L\u00f3pez Obrador y los integrantes de su gabinete han buscado transmitir el mensaje de que el Poder Judicial es el actor institucional responsable de la impunidad, pero los datos demuestran que la gran mayor\u00eda de delitos no llegan a ser presentados ante una autoridad judicial\u00bb, puntualiza el informe.<\/p>\n\n\n\n<p>Finalmente, entre varias recomendaciones incluidas en el informe, WOLA destac\u00f3 la necesidad de fortalecer las capacidades y la rendici\u00f3n de cuentas de las instituciones policiales del pa\u00eds, as\u00ed como de mejorar los resultados de las investigaciones penales.<\/p>\n\n\n\n<p>(Informaci\u00f3n de \u201cExpansi\u00f3n M\u00e9xico\u201d)<\/p>\n","protected":false},"excerpt":{"rendered":"<p>Redacci\u00f3n\/Zona Roja Cdmx. Ciudad de M\u00e9xico, a 10 de septiembre de 2023.-La Oficina en Washington&hellip;<\/p>\n","protected":false},"author":2,"featured_media":1949,"comment_status":"closed","ping_status":"open","sticky":false,"template":"","format":"standard","meta":{"_lmt_disableupdate":"","_lmt_disable":"","_jetpack_memberships_contains_paid_content":false,"footnotes":""},"categories":[109,47],"tags":[278],"class_list":["post-59680","post","type-post","status-publish","format-standard","has-post-thumbnail","hentry","category-minuto-a-minuto","category-zona-gris","tag-guardia-nacional"],"jetpack_featured_media_url":"https:\/\/zonaroja.com.mx\/wp-content\/uploads\/2019\/06\/Guardia-Nacional.jpg","jetpack_sharing_enabled":true,"_links":{"self":[{"href":"https:\/\/zonaroja.com.mx\/index.php?rest_route=\/wp\/v2\/posts\/59680","targetHints":{"allow":["GET"]}}],"collection":[{"href":"https:\/\/zonaroja.com.mx\/index.php?rest_route=\/wp\/v2\/posts"}],"about":[{"href":"https:\/\/zonaroja.com.mx\/index.php?rest_route=\/wp\/v2\/types\/post"}],"author":[{"embeddable":true,"href":"https:\/\/zonaroja.com.mx\/index.php?rest_route=\/wp\/v2\/users\/2"}],"replies":[{"embeddable":true,"href":"https:\/\/zonaroja.com.mx\/index.php?rest_route=%2Fwp%2Fv2%2Fcomments&post=59680"}],"version-history":[{"count":2,"href":"https:\/\/zonaroja.com.mx\/index.php?rest_route=\/wp\/v2\/posts\/59680\/revisions"}],"predecessor-version":[{"id":59691,"href":"https:\/\/zonaroja.com.mx\/index.php?rest_route=\/wp\/v2\/posts\/59680\/revisions\/59691"}],"wp:featuredmedia":[{"embeddable":true,"href":"https:\/\/zonaroja.com.mx\/index.php?rest_route=\/wp\/v2\/media\/1949"}],"wp:attachment":[{"href":"https:\/\/zonaroja.com.mx\/index.php?rest_route=%2Fwp%2Fv2%2Fmedia&parent=59680"}],"wp:term":[{"taxonomy":"category","embeddable":true,"href":"https:\/\/zonaroja.com.mx\/index.php?rest_route=%2Fwp%2Fv2%2Fcategories&post=59680"},{"taxonomy":"post_tag","embeddable":true,"href":"https:\/\/zonaroja.com.mx\/index.php?rest_route=%2Fwp%2Fv2%2Ftags&post=59680"}],"curies":[{"name":"wp","href":"https:\/\/api.w.org\/{rel}","templated":true}]}}