{"id":59682,"date":"2023-09-09T18:56:00","date_gmt":"2023-09-09T23:56:00","guid":{"rendered":"http:\/\/www.zonaroja.com.mx\/?p=59682"},"modified":"2023-09-09T08:58:10","modified_gmt":"2023-09-09T13:58:10","slug":"opinion-autonomia-reproductiva90-anos-despues","status":"publish","type":"post","link":"https:\/\/zonaroja.com.mx\/?p=59682","title":{"rendered":"Opini\u00f3n. Autonom\u00eda reproductiva\u202690 a\u00f1os despu\u00e9s"},"content":{"rendered":"\n<p>Soledad Jarqu\u00edn \u00c9dgar\/SemM\u00e9xico<\/p>\n\n\n\n<p>Hace casi 90 a\u00f1os se document\u00f3 un primer momento en el que se solicit\u00f3 la despenalizaci\u00f3n del aborto, una campa\u00f1a de educaci\u00f3n sexual y dotaci\u00f3n de anticonceptivos\u2026de ah\u00ed para adelante en estas nueve d\u00e9cadas hablar del aborto arroja un saldo negativo, lleno de actos de incomprensi\u00f3n, morbo y muchas decisiones tomadas desde escritorios rojos, azules, amarillos y otros colores, y p\u00falpitos de todas las religiones, pero no por la opini\u00f3n de las mujeres.<\/p>\n\n\n\n<p>Entonces casi un siglo despu\u00e9s este mi\u00e9rcoles la Suprema Corte de Justicia de la Naci\u00f3n despenaliz\u00f3 el aborto a nivel federal, una rotaci\u00f3n de 180 grados y la apertura \u2013por la v\u00eda legal- hacia la independencia de las mujeres de la tutela de los hombres que se asumen, hasta hoy, como sus tutores, due\u00f1os y patrones, por decir lo menos.<\/p>\n\n\n\n<p>En medio del inicio de las campa\u00f1as pol\u00edticas, sucedi\u00f3 lo inesperado, menos a\u00fan por la derecha y los conservadores que apenas en semanas pasadas se hab\u00edan movilizado en todo el pa\u00eds para rechazar los libros de texto, alegando ideologizaci\u00f3n pol\u00edtica y errores de contenido (errores u omisiones que siempre hay), sino porque en esos libros se habla someramente de educaci\u00f3n sexual, algo que sigue ruborizando a miles de personas y donde la ceguera, la ignorancia, ocasiona que quienes se lleven la peor parte sean las mujeres.<\/p>\n\n\n\n<p>Lo hecho por la Corte mexicana en respuesta a un recurso legal interpuesto por organizaciones, entre ellas el Grupo de Informaci\u00f3n en Reproducci\u00f3n Elegida (GIRE), tiene como objetivo que las mujeres puedan acceder a un aborto seguro, sin ser criminalizadas, en instituciones de salud federal, entre ellas, la red hospitalaria y cl\u00ednicas del IMSS, ISSSTE y PEMEX, entre otras.<\/p>\n\n\n\n<p>\u00bfQu\u00e9 significa un aborto seguro? Lo primero indispensable de decir es que la atenci\u00f3n al aborto en condiciones seguras es un derecho humano, como parte de los derechos sexuales y reproductivos de mujeres, adolescentes y ni\u00f1as, tal y como se establece en las leyes mexicanas.<\/p>\n\n\n\n<p>De ah\u00ed que en M\u00e9xico se cuente con un Lineamiento T\u00e9cnico para la atenci\u00f3n de Aborto Seguro en M\u00e9xico emitido por la Secretar\u00eda de Salud que establece desde el marco legal, las obligaciones \u00e9ticas y profesionales del personal de salud y por supuesto el aborto seguro como servicio esencial. En ese documento se da a conocer que de acuerdo con la Organizaci\u00f3n Mundial de la Salud (OMS) un aborto seguro se realiza por un m\u00e9todo recomendado por la mejor evidencia disponible, contenida en las recomendaciones de la propia Organizaci\u00f3n, acorde con la edad gestacional, con acceso a la informaci\u00f3n adecuada y la atenci\u00f3n requerida por parte de personal de salud con la capacidad t\u00e9cnica necesaria. Bajo dichas condiciones, es un procedimiento sencillo y extremadamente seguro.<\/p>\n\n\n\n<p>Establece no s\u00f3lo procedimientos cl\u00ednicos, ofrece informaci\u00f3n fundamental para las mujeres que determinan realizar la interrupci\u00f3n legal de un embarazo, dentro de un plano de acompa\u00f1amiento o consejer\u00eda y el propio consentimiento, as\u00ed como las rutas de vinculaci\u00f3n institucional. Es decir, la informaci\u00f3n como eje fundamental, tanto para las mujeres como para el personal m\u00e9dico.<\/p>\n\n\n\n<p>Desde hace a\u00f1os sabemos que la falta de informaci\u00f3n correcta en la casa, la escuela, en las instituciones de salud; el miedo a la reacci\u00f3n de la familia y la condena social, as\u00ed como la negativa de acceso a servicios p\u00fablicos, la criminalizaci\u00f3n de la interrupci\u00f3n de un embarazo, y muchas otros excusas, favorecen el riesgo para las mujeres, sean ni\u00f1as, adolescentes, j\u00f3venes o mujeres, porque la interrupci\u00f3n de un embarazo se da en todas las etapas de la vida reproductiva de una mujer, incrementa el riesgo para ellas al ser asistidas por personal m\u00e9dico no preparado, en condiciones insalubres o sin las condiciones hospitalarias adecuadas para una intervenci\u00f3n, no siempre quir\u00fargica, por cierto.<\/p>\n\n\n\n<p>Hay miles de historias sobre pr\u00e1cticas no adecuadas que terminaron en muertes, o en discapacidades posteriores e, incluso, mutilaciones ginecol\u00f3gicas innecesarias. Como tambi\u00e9n las hubo de aquellas mujeres que acudieron a consultorios de m\u00e9dicos y m\u00e9dicas solidarias y convencidos de que la interrupci\u00f3n de un embarazo no pasa por solo por un tema de salud, sino por la justicia social.<\/p>\n\n\n\n<p>Los nubarrones negros del conservadurismo y de todos aquellos que piensan que las mujeres no pueden decidir sobre sus cuerpos ha sido el mayor de los obst\u00e1culos y eso es lo que por ahora la mayor\u00eda de las y los ministros de la Corte mexicana ha echado por tierra al reconocer que s\u00ed, que las mujeres tienen derecho a decidir sobre sus cuerpos, en el \u00e1mbito legal federal.<\/p>\n\n\n\n<p>El peri\u00f3dico La Verdad cita la encuesta ENDIREH (INEGI, 2016) en los \u00faltimos cinco a\u00f1os poco m\u00e1s de un mill\u00f3n de mujeres dijo haber tenido al menos un aborto en nuestro pa\u00eds, de un total de 9.4 millones de mujeres de 15 a 49 a\u00f1os que reportaron haber estado embarazadas en ese lapso. La instituci\u00f3n tambi\u00e9n informa que la muerte materna ha disminuido entre 2010 y 2019 gracias al aborto legal.<\/p>\n\n\n\n<p>A partir de ahora, el apartado del C\u00f3digo Penal Federal que criminaliza el aborto ya no tendr\u00e1 efectos y, por lo tanto, a ninguna mujer ni personal de salud, se le podr\u00e1 castigar por abortar. La Corte tambi\u00e9n ha ordenado que se elimine el delito de aborto en el C\u00f3digo Penal Federal. La unanimidad de la sentencia la vuelve obligatoria para todo el personal del poder judicial \u2013jueces y juezas locales y federales-.<br>As\u00ed que est\u00e1 claro, el fallo de la Corte mexicana es hist\u00f3rico, como se ha dicho, y es consecuencia de la lucha persistente de las mujeres, desde la ponencia que elabor\u00f3 de Ofelia Dom\u00ednguez Navarro, en 1936, en la Convenci\u00f3n de Unificaci\u00f3n del C\u00f3digo Penal, hasta la Marea Verde en la segunda d\u00e9cada del siglo XXI. Miles y miles de mujeres organizadas y feministas planteando la necesaria despenalizaci\u00f3n como lo hizo mediante un litigio estrat\u00e9gico GIRE y otras organizaciones. <\/p>\n\n\n\n<p>El fallo responde a un derecho humano de las mujeres. Es el principio del fin de una vieja deuda social que habr\u00e1 de concretarse, a golpe de sentencias, si es necesario, en todas las entidades federativas que a\u00fan siguen criminalizando a las mujeres. La responsabilidad est\u00e1 en los congresos locales y el federal. Esperamos que no pasen otros 90 a\u00f1os de regateo de un derecho humano para las mujeres y la autonom\u00eda reproductiva sea una realidad.<\/p>\n\n\n\n<p>*Periodista y activista feminista.<\/p>\n","protected":false},"excerpt":{"rendered":"<p>Soledad Jarqu\u00edn \u00c9dgar\/SemM\u00e9xico Hace casi 90 a\u00f1os se document\u00f3 un primer momento en el que&hellip;<\/p>\n","protected":false},"author":2,"featured_media":52718,"comment_status":"closed","ping_status":"open","sticky":false,"template":"","format":"standard","meta":{"_lmt_disableupdate":"","_lmt_disable":"","_jetpack_memberships_contains_paid_content":false,"footnotes":""},"categories":[456,109],"tags":[1105],"class_list":["post-59682","post","type-post","status-publish","format-standard","has-post-thumbnail","hentry","category-columna","category-minuto-a-minuto","tag-soledad-jarquin-edgar"],"jetpack_featured_media_url":"https:\/\/zonaroja.com.mx\/wp-content\/uploads\/2023\/03\/Soledad-Jarquin-.jpeg","jetpack_sharing_enabled":true,"_links":{"self":[{"href":"https:\/\/zonaroja.com.mx\/index.php?rest_route=\/wp\/v2\/posts\/59682","targetHints":{"allow":["GET"]}}],"collection":[{"href":"https:\/\/zonaroja.com.mx\/index.php?rest_route=\/wp\/v2\/posts"}],"about":[{"href":"https:\/\/zonaroja.com.mx\/index.php?rest_route=\/wp\/v2\/types\/post"}],"author":[{"embeddable":true,"href":"https:\/\/zonaroja.com.mx\/index.php?rest_route=\/wp\/v2\/users\/2"}],"replies":[{"embeddable":true,"href":"https:\/\/zonaroja.com.mx\/index.php?rest_route=%2Fwp%2Fv2%2Fcomments&post=59682"}],"version-history":[{"count":1,"href":"https:\/\/zonaroja.com.mx\/index.php?rest_route=\/wp\/v2\/posts\/59682\/revisions"}],"predecessor-version":[{"id":59683,"href":"https:\/\/zonaroja.com.mx\/index.php?rest_route=\/wp\/v2\/posts\/59682\/revisions\/59683"}],"wp:featuredmedia":[{"embeddable":true,"href":"https:\/\/zonaroja.com.mx\/index.php?rest_route=\/wp\/v2\/media\/52718"}],"wp:attachment":[{"href":"https:\/\/zonaroja.com.mx\/index.php?rest_route=%2Fwp%2Fv2%2Fmedia&parent=59682"}],"wp:term":[{"taxonomy":"category","embeddable":true,"href":"https:\/\/zonaroja.com.mx\/index.php?rest_route=%2Fwp%2Fv2%2Fcategories&post=59682"},{"taxonomy":"post_tag","embeddable":true,"href":"https:\/\/zonaroja.com.mx\/index.php?rest_route=%2Fwp%2Fv2%2Ftags&post=59682"}],"curies":[{"name":"wp","href":"https:\/\/api.w.org\/{rel}","templated":true}]}}