{"id":59685,"date":"2023-09-09T21:07:32","date_gmt":"2023-09-10T02:07:32","guid":{"rendered":"http:\/\/www.zonaroja.com.mx\/?p=59685"},"modified":"2023-09-09T21:07:35","modified_gmt":"2023-09-10T02:07:35","slug":"ataca-comando-armado-a-estadounidenses-en-tamaulipas-hay-9-heridos","status":"publish","type":"post","link":"https:\/\/zonaroja.com.mx\/?p=59685","title":{"rendered":"Ataca comando armado a estadounidenses en Tamaulipas; hay 9 heridos"},"content":{"rendered":"\n<p>Redacci\u00f3n\/Zona Roja Cdmx.<\/p>\n\n\n\n<p>Ciudad de M\u00e9xico, a 9 de septiembre de 2023.- Una caravana donde viajaban ciudadanos estadounidenses fue atacada por civiles armados en Miguel Alem\u00e1n, Tamaulipas, resultando 9 personas heridas.<\/p>\n\n\n\n<p>La Vocer\u00eda de Seguridad del estado inform\u00f3 por medio de redes sociales que, durante la madrugada, la caravana, procedente de Estados Unidos, fue atacada por civiles armados en el Puente Roma de Miguel Alem\u00e1n.<\/p>\n\n\n\n<p>El reporte fue recibido en la L\u00ednea de Emergencias 911, por lo que unidades de la Secretar\u00eda de la Defensa Nacional (Sedena) as\u00ed como unidades m\u00e9dicas de Protecci\u00f3n Civil Municipal, atendieron la situaci\u00f3n. Los civiles heridos fueron atendidos por personal m\u00e9dico y trasladados a Estados Unidos.<\/p>\n\n\n\n<p>Versiones extraoficiales aseguran que de 15 a 20 personas viajaban en una camioneta tipo Van cuando fueron agredidas a balazos a la altura de El \u00c1ngel, en el poblado Los Guerra.<\/p>\n\n\n\n<p>Trascendi\u00f3 que la caravana viajaba al interior del pa\u00eds cuando un veh\u00edculo conocido como \u00abmonstruo\u00bb los detuvo tras impactarlos.<\/p>\n\n\n\n<p>Por medio de redes sociales, se dio a conocer que los afectados fueron trasladados a Estados Unidos, siendo identificados como Orlando Adri\u00e1n S\u00e1nchez, de 61 a\u00f1os; Alberto Aguilar Rangel, de 76; Mar\u00eda Rosario Fuentes Torres, de 68; y Joes Aguilar, de 71.<\/p>\n\n\n\n<p>Adem\u00e1s, fueron trasladados: Carolina Orosio Castro, de 32 a\u00f1os, de San Luis Potos\u00ed; as\u00ed como Arturo Orosio Castro, Samanta Ram\u00edrez, Evangeline Rodr\u00edguez Ram\u00edrez y Ramiro Castro.<\/p>\n\n\n\n<p>Sobre estas identidades, ni la Vocer\u00eda ni la Sedena han dado a conocer informaci\u00f3n.<\/p>\n\n\n\n<p>(Informaci\u00f3n de \u201cEl Siglo de Torre\u00f3n\u201d)<\/p>\n","protected":false},"excerpt":{"rendered":"<p>Redacci\u00f3n\/Zona Roja Cdmx. Ciudad de M\u00e9xico, a 9 de septiembre de 2023.- Una caravana donde&hellip;<\/p>\n","protected":false},"author":2,"featured_media":59686,"comment_status":"closed","ping_status":"open","sticky":false,"template":"","format":"standard","meta":{"_lmt_disableupdate":"","_lmt_disable":"","_jetpack_memberships_contains_paid_content":false,"footnotes":""},"categories":[109,47],"tags":[2771],"class_list":["post-59685","post","type-post","status-publish","format-standard","has-post-thumbnail","hentry","category-minuto-a-minuto","category-zona-gris","tag-masacre-tamaulipas"],"jetpack_featured_media_url":"https:\/\/zonaroja.com.mx\/wp-content\/uploads\/2023\/09\/Ataque-estadounidenses-Tamaulipas.jpg","jetpack_sharing_enabled":true,"_links":{"self":[{"href":"https:\/\/zonaroja.com.mx\/index.php?rest_route=\/wp\/v2\/posts\/59685","targetHints":{"allow":["GET"]}}],"collection":[{"href":"https:\/\/zonaroja.com.mx\/index.php?rest_route=\/wp\/v2\/posts"}],"about":[{"href":"https:\/\/zonaroja.com.mx\/index.php?rest_route=\/wp\/v2\/types\/post"}],"author":[{"embeddable":true,"href":"https:\/\/zonaroja.com.mx\/index.php?rest_route=\/wp\/v2\/users\/2"}],"replies":[{"embeddable":true,"href":"https:\/\/zonaroja.com.mx\/index.php?rest_route=%2Fwp%2Fv2%2Fcomments&post=59685"}],"version-history":[{"count":1,"href":"https:\/\/zonaroja.com.mx\/index.php?rest_route=\/wp\/v2\/posts\/59685\/revisions"}],"predecessor-version":[{"id":59687,"href":"https:\/\/zonaroja.com.mx\/index.php?rest_route=\/wp\/v2\/posts\/59685\/revisions\/59687"}],"wp:featuredmedia":[{"embeddable":true,"href":"https:\/\/zonaroja.com.mx\/index.php?rest_route=\/wp\/v2\/media\/59686"}],"wp:attachment":[{"href":"https:\/\/zonaroja.com.mx\/index.php?rest_route=%2Fwp%2Fv2%2Fmedia&parent=59685"}],"wp:term":[{"taxonomy":"category","embeddable":true,"href":"https:\/\/zonaroja.com.mx\/index.php?rest_route=%2Fwp%2Fv2%2Fcategories&post=59685"},{"taxonomy":"post_tag","embeddable":true,"href":"https:\/\/zonaroja.com.mx\/index.php?rest_route=%2Fwp%2Fv2%2Ftags&post=59685"}],"curies":[{"name":"wp","href":"https:\/\/api.w.org\/{rel}","templated":true}]}}