{"id":59688,"date":"2023-09-09T22:24:44","date_gmt":"2023-09-10T03:24:44","guid":{"rendered":"http:\/\/www.zonaroja.com.mx\/?p=59688"},"modified":"2023-09-09T22:24:48","modified_gmt":"2023-09-10T03:24:48","slug":"cumple-amenaza-crimen-organizado-en-oaxaca-y-dispara-contra-autobus-e-incendia-otra-unidad","status":"publish","type":"post","link":"https:\/\/zonaroja.com.mx\/?p=59688","title":{"rendered":"Cumple amenaza crimen organizado en Oaxaca y dispara contra autob\u00fas e incendia otra unidad"},"content":{"rendered":"\n<p>Ismael Garc\u00eda N.\/Zona Roja.<\/p>\n\n\n\n<p>Oaxaca de Ju\u00e1rez, Oax., a 9 de septiembre de 2023.- Tras mensajes de amenazas contra el transporte p\u00fablico, un grupo armado atac\u00f3 a balazos este s\u00e1bado un autob\u00fas de la regi\u00f3n del Istmo de Tehuantepec, con saldo de una persona lesionada; en otro sitio, otra unidad de pasajeros fue incendiada.<\/p>\n\n\n\n<p>En los \u00faltimos d\u00edas, v\u00eda WhatsApp han circulado diversos mensajes en que se amenaza a personas y a transportistas de la zona norte del Istmo, por lo cual desde ayer, camionetas, taxis y camionetas de carga y pasaje, principalmente en Mat\u00edas Romero y municipios conturbados, pararon labores.<\/p>\n\n\n\n<p>En tanto, el pasado fin de semana presuntos miembros del crimen organizado incendiaron una camioneta de pasaje y carga de la l\u00ednea ARIC, en el crucero a San Juan Guichicovi; d\u00edas atr\u00e1s el chofer hab\u00eda recibido amenazas por no pagar \u201cpiso\u201d.<\/p>\n\n\n\n<p>Y este s\u00e1bado por la tarde, un autob\u00fas de pasajeros de la l\u00ednea SUR con n\u00famero econ\u00f3mico 5046, que proced\u00eda de Mat\u00edas Romero con rumbo a Juchit\u00e1n de Zaragoza, fue atacado a balazos en la carretera Trans\u00edstimica, entre el entronque a Lagunas y El Ajal.<\/p>\n\n\n\n<p>La unidad logr\u00f3 escapar y llegar a la terminal de Juchit\u00e1n, donde una persona del sexo masculino fue trasladada al hospital \u201cDr. Macedonio Ben\u00edtez Fuentes\u201d con un balazo en la pierna.<\/p>\n\n\n\n<figure class=\"wp-block-embed\"><div class=\"wp-block-embed__wrapper\">\n<div class=\"twitter-tweet\"><blockquote class=\"twitter-tweet\" data-lang=\"es\"><p lang=\"es\" dir=\"ltr\">Comparte video del autob\u00fas que fue baleado esta tarde cuando cubr\u00eda la ruta de Mat\u00edas Romero a Juchit\u00e1n; presuntamente fue atacado por un grupo armado.<br>En los d\u00edas recientes, v\u00eda redes sociales han circulado mensajes de amenazas supuestamente del crimen organizado en contra de\u2026 <a href=\"https:\/\/t.co\/dDLGm0oE08\">pic.twitter.com\/dDLGm0oE08<\/a><\/p>&mdash; Zona Roja Oaxaca (@ZonaRoja_Oaxaca) <a href=\"https:\/\/twitter.com\/ZonaRoja_Oaxaca\/status\/1700651551633617265?ref_src=twsrc%5Etfw\">9 de septiembre de 2023<\/a><\/blockquote><\/div>\n<\/div><\/figure>\n\n\n\n<p>Por otra parte, esta noche fue reportado que un autob\u00fas de la misma l\u00ednea SUR fue incendiado, en el tramo Palomares-Acayucan, a la altura del poblado de Donaj\u00ed, tambi\u00e9n en la zona norte del Istmo; hasta el momento no se reportan v\u00edctimas.<\/p>\n\n\n\n<p>La unidad de motor presenta varios impactos de arma de fuego y el caso lo investiga la Vicefiscal\u00eda Regional del Istmo.<\/p>\n\n\n\n<p>UN ASESINADO<\/p>\n\n\n\n<p>Por otra parte, un individuo fue asesinado a balazos en Santa Mar\u00eda Zacatepec, municipio del distrito de Putla.<\/p>\n\n\n\n<p>La v\u00edctima fue identificada con las iniciales F. S. M. y hab\u00eda fungido como comisariado de Bienes Comunales y colaborador del actual presidente municipal, Denys Guzm\u00e1n Pel\u00e1ez.<\/p>\n","protected":false},"excerpt":{"rendered":"<p>Ismael Garc\u00eda N.\/Zona Roja. Oaxaca de Ju\u00e1rez, Oax., a 9 de septiembre de 2023.- Tras&hellip;<\/p>\n","protected":false},"author":2,"featured_media":59689,"comment_status":"closed","ping_status":"open","sticky":false,"template":"","format":"standard","meta":{"_lmt_disableupdate":"","_lmt_disable":"","_jetpack_memberships_contains_paid_content":false,"footnotes":""},"categories":[109,51],"tags":[1071],"class_list":["post-59688","post","type-post","status-publish","format-standard","has-post-thumbnail","hentry","category-minuto-a-minuto","category-zona-roja","tag-santa-maria-zacatepec"],"jetpack_featured_media_url":"https:\/\/zonaroja.com.mx\/wp-content\/uploads\/2023\/09\/Baleado-autobus-SUR-Istmo.jpg","jetpack_sharing_enabled":true,"_links":{"self":[{"href":"https:\/\/zonaroja.com.mx\/index.php?rest_route=\/wp\/v2\/posts\/59688","targetHints":{"allow":["GET"]}}],"collection":[{"href":"https:\/\/zonaroja.com.mx\/index.php?rest_route=\/wp\/v2\/posts"}],"about":[{"href":"https:\/\/zonaroja.com.mx\/index.php?rest_route=\/wp\/v2\/types\/post"}],"author":[{"embeddable":true,"href":"https:\/\/zonaroja.com.mx\/index.php?rest_route=\/wp\/v2\/users\/2"}],"replies":[{"embeddable":true,"href":"https:\/\/zonaroja.com.mx\/index.php?rest_route=%2Fwp%2Fv2%2Fcomments&post=59688"}],"version-history":[{"count":1,"href":"https:\/\/zonaroja.com.mx\/index.php?rest_route=\/wp\/v2\/posts\/59688\/revisions"}],"predecessor-version":[{"id":59690,"href":"https:\/\/zonaroja.com.mx\/index.php?rest_route=\/wp\/v2\/posts\/59688\/revisions\/59690"}],"wp:featuredmedia":[{"embeddable":true,"href":"https:\/\/zonaroja.com.mx\/index.php?rest_route=\/wp\/v2\/media\/59689"}],"wp:attachment":[{"href":"https:\/\/zonaroja.com.mx\/index.php?rest_route=%2Fwp%2Fv2%2Fmedia&parent=59688"}],"wp:term":[{"taxonomy":"category","embeddable":true,"href":"https:\/\/zonaroja.com.mx\/index.php?rest_route=%2Fwp%2Fv2%2Fcategories&post=59688"},{"taxonomy":"post_tag","embeddable":true,"href":"https:\/\/zonaroja.com.mx\/index.php?rest_route=%2Fwp%2Fv2%2Ftags&post=59688"}],"curies":[{"name":"wp","href":"https:\/\/api.w.org\/{rel}","templated":true}]}}