{"id":59696,"date":"2023-09-10T10:00:00","date_gmt":"2023-09-10T15:00:00","guid":{"rendered":"http:\/\/www.zonaroja.com.mx\/?p=59696"},"modified":"2023-09-09T23:02:10","modified_gmt":"2023-09-10T04:02:10","slug":"en-visperas-del-grito-de-independencia-magisterio-instala-planton-en-la-cdmx","status":"publish","type":"post","link":"https:\/\/zonaroja.com.mx\/?p=59696","title":{"rendered":"En v\u00edsperas del Grito de Independencia, magisterio instala \u201cplant\u00f3n\u201d en la Cdmx"},"content":{"rendered":"\n<p>Redacci\u00f3n\/Zona Roja Cdmx.<\/p>\n\n\n\n<p>Ciudad de M\u00e9xico, a 10 de septiembre de 2023.- A menos de una semana que el presidente Andr\u00e9s Manuel L\u00f3pez Obrador realice el tradicional Grito de Independencia en el Z\u00f3calo de la Ciudad de M\u00e9xico, unos 400 maestros del estado de San Luis Potos\u00ed instalaron este s\u00e1bado un campamento en el primer cuadro del Centro Hist\u00f3rico.<\/p>\n\n\n\n<p>El dirigente magisterial de la XXVI Secci\u00f3n del Sindicato Nacional de Trabajadores de la Educaci\u00f3n (SNTE) y ex senador de Morena, Primo Doth\u00e9, inform\u00f3 al diario \u201cReforma\u201d que se trata de una protesta en contra de los supuestos pagos incompletos en sus salarios.<\/p>\n\n\n\n<p>Asegur\u00f3 que m\u00e1s de mil 200 profesores fueron afectados directamente, pues solo han recibido la sexta parte de su sueldo, y que la mayor\u00eda ya ganaron los amparos.<\/p>\n\n\n\n<p>\u201cS\u00f3lo reciben la quinta o la sexta parte de su salario, existe el caso de una maestra que ha trabajado 40 a\u00f1os, o sea 960 quincenas, y s\u00f3lo le han pagado 96 quincenas, lamentable, por lo que hace aproximadamente 10 a\u00f1os las maestras y los maestros de telesecundaria decidieron emprender el sinuoso camino jur\u00eddico y en esta lucha estamos, queremos ser escuchados\u201d<\/p>\n\n\n\n<p>\u201cNo hemos cerrado calles en esta lucha, tampoco han bloqueado carreteras, no han retenido funcionarios, no han pintarrajeado paredes. Decidieron seguir el camino jur\u00eddico y quieren ser escuchados por las autoridades federales\u201d, a\u00f1adi\u00f3.<\/p>\n\n\n\n<p>Fue cerca del mediod\u00eda cuando comenzaron a instalar casas de campa\u00f1a frente al Palacio Nacional y los edificios de Gobierno de la Ciudad de M\u00e9xico, donde se est\u00e1 armando las gradas y los adornos para los festejos patrios y el desfile militar.<\/p>\n\n\n\n<p>Sin embargo, Doth\u00e9 dvirti\u00f3 que el pr\u00f3ximo lunes 11 de septiembre otro grupo va a nutrir el campamento.<\/p>\n\n\n\n<p>\u201cVenimos con la esperanza de ser escuchados, s\u00ed, de ser visibilizados ante las autoridades federales, porque finalmente ellas son las que tienen el asunto\u201d, declar\u00f3.<\/p>\n\n\n\n<p>(Informaci\u00f3n de Infobae M\u00e9xico)<\/p>\n","protected":false},"excerpt":{"rendered":"<p>Redacci\u00f3n\/Zona Roja Cdmx. Ciudad de M\u00e9xico, a 10 de septiembre de 2023.- A menos de&hellip;<\/p>\n","protected":false},"author":2,"featured_media":59697,"comment_status":"closed","ping_status":"open","sticky":false,"template":"","format":"standard","meta":{"_lmt_disableupdate":"","_lmt_disable":"","_jetpack_memberships_contains_paid_content":false,"footnotes":""},"categories":[109,47],"tags":[],"class_list":["post-59696","post","type-post","status-publish","format-standard","has-post-thumbnail","hentry","category-minuto-a-minuto","category-zona-gris"],"jetpack_featured_media_url":"https:\/\/zonaroja.com.mx\/wp-content\/uploads\/2023\/09\/Planton-CNTE-Cdmx.tiff","jetpack_sharing_enabled":true,"_links":{"self":[{"href":"https:\/\/zonaroja.com.mx\/index.php?rest_route=\/wp\/v2\/posts\/59696","targetHints":{"allow":["GET"]}}],"collection":[{"href":"https:\/\/zonaroja.com.mx\/index.php?rest_route=\/wp\/v2\/posts"}],"about":[{"href":"https:\/\/zonaroja.com.mx\/index.php?rest_route=\/wp\/v2\/types\/post"}],"author":[{"embeddable":true,"href":"https:\/\/zonaroja.com.mx\/index.php?rest_route=\/wp\/v2\/users\/2"}],"replies":[{"embeddable":true,"href":"https:\/\/zonaroja.com.mx\/index.php?rest_route=%2Fwp%2Fv2%2Fcomments&post=59696"}],"version-history":[{"count":1,"href":"https:\/\/zonaroja.com.mx\/index.php?rest_route=\/wp\/v2\/posts\/59696\/revisions"}],"predecessor-version":[{"id":59698,"href":"https:\/\/zonaroja.com.mx\/index.php?rest_route=\/wp\/v2\/posts\/59696\/revisions\/59698"}],"wp:featuredmedia":[{"embeddable":true,"href":"https:\/\/zonaroja.com.mx\/index.php?rest_route=\/wp\/v2\/media\/59697"}],"wp:attachment":[{"href":"https:\/\/zonaroja.com.mx\/index.php?rest_route=%2Fwp%2Fv2%2Fmedia&parent=59696"}],"wp:term":[{"taxonomy":"category","embeddable":true,"href":"https:\/\/zonaroja.com.mx\/index.php?rest_route=%2Fwp%2Fv2%2Fcategories&post=59696"},{"taxonomy":"post_tag","embeddable":true,"href":"https:\/\/zonaroja.com.mx\/index.php?rest_route=%2Fwp%2Fv2%2Ftags&post=59696"}],"curies":[{"name":"wp","href":"https:\/\/api.w.org\/{rel}","templated":true}]}}