{"id":59699,"date":"2023-09-10T11:00:00","date_gmt":"2023-09-10T16:00:00","guid":{"rendered":"http:\/\/www.zonaroja.com.mx\/?p=59699"},"modified":"2023-09-10T08:08:14","modified_gmt":"2023-09-10T13:08:14","slug":"ultiman-a-otro-individuo-ahora-en-tepetlapa-ataque-armado-en-la-capital","status":"publish","type":"post","link":"https:\/\/zonaroja.com.mx\/?p=59699","title":{"rendered":"Ultiman a otro individuo, ahora en Tepetlapa; ataque armado en la capital"},"content":{"rendered":"\n<p>Redacci\u00f3n\/Zona Roja.<\/p>\n\n\n\n<p>Oaxaca de Ju\u00e1rez, Oax., a 10 de septiembre de 2023.- Una persona del sexo masculino fue atacada a balazos la tarde de ayer en San Antonio Tepetlapa, municipio de la regi\u00f3n Costa de Oaxaca.<\/p>\n\n\n\n<p>La agresi\u00f3n armada ocurri\u00f3 alrededor de las 16:00 horas, cuando un individuo arrib\u00f3 a un encierro de veh\u00edculos y dispar\u00f3 directamente en contra de un joven, de aproximadamente 25 a\u00f1os de edad.<\/p>\n\n\n\n<p>La v\u00edctima fue identificada de manera preliminar con las iniciales M. L. G., originario y vecino de Tepetlapa y la polic\u00eda municipal no logr\u00f3 ninguna detenci\u00f3n por este caso.<\/p>\n\n\n\n<p>EN LA CAPITAL<\/p>\n\n\n\n<p>Por otra parte, la madrugada de hoy se registr\u00f3 una agresi\u00f3n a balazos en pleno centro de la ciudad de Oaxaca, sin que hubiera polic\u00edas en la zona para detener al atacante.<\/p>\n\n\n\n<p>Ocurri\u00f3 en el bar denominado \u201cLa mansi\u00f3n del b\u00e1rbaro\u201d, ubicado en la esquina de Valerio Trujano y Victoria, a unas ocho cuadras del z\u00f3calo y el lesionado fue trasladado a un hospital por param\u00e9dicos de la Cruz Roja Mexicana.<\/p>\n\n\n\n<p>Polic\u00edas estatales y municipales arribaron al sitio despu\u00e9s de los hechos pero no se tiene conocimiento de operativos de b\u00fasqueda del agresor.<\/p>\n","protected":false},"excerpt":{"rendered":"<p>Redacci\u00f3n\/Zona Roja. Oaxaca de Ju\u00e1rez, Oax., a 10 de septiembre de 2023.- Una persona del&hellip;<\/p>\n","protected":false},"author":2,"featured_media":55667,"comment_status":"closed","ping_status":"open","sticky":false,"template":"","format":"standard","meta":{"_lmt_disableupdate":"","_lmt_disable":"","_jetpack_memberships_contains_paid_content":false,"footnotes":""},"categories":[109,51],"tags":[1902],"class_list":["post-59699","post","type-post","status-publish","format-standard","has-post-thumbnail","hentry","category-minuto-a-minuto","category-zona-roja","tag-san-antonio-tepetlapa"],"jetpack_featured_media_url":"https:\/\/zonaroja.com.mx\/wp-content\/uploads\/2023\/05\/Escena-del-crimen-violencia.jpg","jetpack_sharing_enabled":true,"_links":{"self":[{"href":"https:\/\/zonaroja.com.mx\/index.php?rest_route=\/wp\/v2\/posts\/59699","targetHints":{"allow":["GET"]}}],"collection":[{"href":"https:\/\/zonaroja.com.mx\/index.php?rest_route=\/wp\/v2\/posts"}],"about":[{"href":"https:\/\/zonaroja.com.mx\/index.php?rest_route=\/wp\/v2\/types\/post"}],"author":[{"embeddable":true,"href":"https:\/\/zonaroja.com.mx\/index.php?rest_route=\/wp\/v2\/users\/2"}],"replies":[{"embeddable":true,"href":"https:\/\/zonaroja.com.mx\/index.php?rest_route=%2Fwp%2Fv2%2Fcomments&post=59699"}],"version-history":[{"count":1,"href":"https:\/\/zonaroja.com.mx\/index.php?rest_route=\/wp\/v2\/posts\/59699\/revisions"}],"predecessor-version":[{"id":59700,"href":"https:\/\/zonaroja.com.mx\/index.php?rest_route=\/wp\/v2\/posts\/59699\/revisions\/59700"}],"wp:featuredmedia":[{"embeddable":true,"href":"https:\/\/zonaroja.com.mx\/index.php?rest_route=\/wp\/v2\/media\/55667"}],"wp:attachment":[{"href":"https:\/\/zonaroja.com.mx\/index.php?rest_route=%2Fwp%2Fv2%2Fmedia&parent=59699"}],"wp:term":[{"taxonomy":"category","embeddable":true,"href":"https:\/\/zonaroja.com.mx\/index.php?rest_route=%2Fwp%2Fv2%2Fcategories&post=59699"},{"taxonomy":"post_tag","embeddable":true,"href":"https:\/\/zonaroja.com.mx\/index.php?rest_route=%2Fwp%2Fv2%2Ftags&post=59699"}],"curies":[{"name":"wp","href":"https:\/\/api.w.org\/{rel}","templated":true}]}}