{"id":59701,"date":"2023-09-10T08:15:04","date_gmt":"2023-09-10T13:15:04","guid":{"rendered":"http:\/\/www.zonaroja.com.mx\/?p=59701"},"modified":"2023-09-10T08:15:06","modified_gmt":"2023-09-10T13:15:06","slug":"rebasan-las-dos-mil-victimas-a-causa-del-terremoto-en-marruecos","status":"publish","type":"post","link":"https:\/\/zonaroja.com.mx\/?p=59701","title":{"rendered":"Rebasan las dos mil v\u00edctimas a causa del terremoto en Marruecos"},"content":{"rendered":"\n<p>Redacci\u00f3n\/Zona Roja Cdmx.<\/p>\n\n\n\n<p>Ciudad de M\u00e9xico, a 10 de septiembre de 2023.- Equipos de rescate buscaron ayer sobrevivientes entre los casas derrumbadas en aldeas monta\u00f1osas de Marruecos, tras el terremoto de magnitud 6.8, el m\u00e1s letal del pa\u00eds en seis d\u00e9cadas y sin precedente en el norte de \u00c1frica en 120 a\u00f1os, que ya dej\u00f3 2 mil 12 defunciones, 2 mil 59 heridos y muchas personas sin hogar, seg\u00fan reportes oficiales.<\/p>\n\n\n\n<p>El sismo caus\u00f3 destrucci\u00f3n en la zona de Ighil en las monta\u00f1as del Alto Atlas marroqu\u00ed a las 23 horas del viernes, da\u00f1ando edificios hist\u00f3ricos en Marrakech, la ciudad m\u00e1s cercana al epicentro, pero las zonas m\u00e1s afectadas se encontraban en montes cercanos.<\/p>\n\n\n\n<p>Las autoridades informaron que la mayor\u00eda de los fallecidos se concentran en la provincia de Al Hauz, con mil 293 defunciones, y, en Tarudant, con 452 muertos, ambas situadas al sur de Marrakech.<\/p>\n\n\n\n<p>Seg\u00fan el Servicio Geol\u00f3gico de Estados Unidos, el epicentro del sismo fue a 72 kil\u00f3metros al suroeste de esta ciudad imperial marroqu\u00ed. El doctor Iyd al-Tarazi, profesor del Departamento de Sismolog\u00eda y Riesgos Naturales de la Universidad Hachemita de Jordania, explic\u00f3 a Sputnik que el terremoto de Marruecos fue devastador ya que fue equivalente \u201ca la fuerza de 25 bombas nucleares\u201d.<\/p>\n\n\n\n<p>Ante la magnitud del desastre, el rey Mohammed VI orden\u00f3 a las fuerzas armadas movilizar medios a\u00e9reos y terrestres, as\u00ed como, equipos especializados de b\u00fasqueda y rescate y un hospital quir\u00fargico de campa\u00f1a, seg\u00fan un comunicado del ej\u00e9rcito. El gabinete real tambi\u00e9n declar\u00f3 luto nacional por tres d\u00edas.<\/p>\n\n\n\n<p>La presidencia argelina anunci\u00f3 ayer por la tarde la apertura de su espacio a\u00e9reo, cerrado con Marruecos desde hace dos a\u00f1os, para los aviones con ayuda humanitaria para las v\u00edctimas del sismo.<\/p>\n\n\n\n<p>El sismo del pasado viernes fue el m\u00e1s mort\u00edfero de Marruecos desde 1960, cuando se calcula que un temblor mat\u00f3 al menos a 12 mil personas, seg\u00fan el Servicio Geol\u00f3gico de Estados Unidos. La televisi\u00f3n espa\u00f1ola RTVE inform\u00f3 que ese d\u00eda se sintieron temblores en Huelva y Ja\u00e9n, en la regi\u00f3n espa\u00f1ola de Andaluc\u00eda, as\u00ed como en Portugal y Argelia.<\/p>\n\n\n\n<p>(Informaci\u00f3n del diario \u201cLa Jornada\u201d)<\/p>\n","protected":false},"excerpt":{"rendered":"<p>Redacci\u00f3n\/Zona Roja Cdmx. Ciudad de M\u00e9xico, a 10 de septiembre de 2023.- Equipos de rescate&hellip;<\/p>\n","protected":false},"author":2,"featured_media":59704,"comment_status":"closed","ping_status":"open","sticky":false,"template":"","format":"standard","meta":{"_lmt_disableupdate":"","_lmt_disable":"","_jetpack_memberships_contains_paid_content":false,"footnotes":""},"categories":[109,47],"tags":[3671],"class_list":["post-59701","post","type-post","status-publish","format-standard","has-post-thumbnail","hentry","category-minuto-a-minuto","category-zona-gris","tag-marruecos"],"jetpack_featured_media_url":"https:\/\/zonaroja.com.mx\/wp-content\/uploads\/2023\/09\/Terremoto-Marruecos.jpg.webp","jetpack_sharing_enabled":true,"_links":{"self":[{"href":"https:\/\/zonaroja.com.mx\/index.php?rest_route=\/wp\/v2\/posts\/59701","targetHints":{"allow":["GET"]}}],"collection":[{"href":"https:\/\/zonaroja.com.mx\/index.php?rest_route=\/wp\/v2\/posts"}],"about":[{"href":"https:\/\/zonaroja.com.mx\/index.php?rest_route=\/wp\/v2\/types\/post"}],"author":[{"embeddable":true,"href":"https:\/\/zonaroja.com.mx\/index.php?rest_route=\/wp\/v2\/users\/2"}],"replies":[{"embeddable":true,"href":"https:\/\/zonaroja.com.mx\/index.php?rest_route=%2Fwp%2Fv2%2Fcomments&post=59701"}],"version-history":[{"count":1,"href":"https:\/\/zonaroja.com.mx\/index.php?rest_route=\/wp\/v2\/posts\/59701\/revisions"}],"predecessor-version":[{"id":59705,"href":"https:\/\/zonaroja.com.mx\/index.php?rest_route=\/wp\/v2\/posts\/59701\/revisions\/59705"}],"wp:featuredmedia":[{"embeddable":true,"href":"https:\/\/zonaroja.com.mx\/index.php?rest_route=\/wp\/v2\/media\/59704"}],"wp:attachment":[{"href":"https:\/\/zonaroja.com.mx\/index.php?rest_route=%2Fwp%2Fv2%2Fmedia&parent=59701"}],"wp:term":[{"taxonomy":"category","embeddable":true,"href":"https:\/\/zonaroja.com.mx\/index.php?rest_route=%2Fwp%2Fv2%2Fcategories&post=59701"},{"taxonomy":"post_tag","embeddable":true,"href":"https:\/\/zonaroja.com.mx\/index.php?rest_route=%2Fwp%2Fv2%2Ftags&post=59701"}],"curies":[{"name":"wp","href":"https:\/\/api.w.org\/{rel}","templated":true}]}}