{"id":59706,"date":"2023-09-10T12:00:00","date_gmt":"2023-09-10T17:00:00","guid":{"rendered":"http:\/\/www.zonaroja.com.mx\/?p=59706"},"modified":"2023-09-10T08:18:05","modified_gmt":"2023-09-10T13:18:05","slug":"desde-colombia-amlo-llama-a-lucha-frontal-contra-el-fentanilo","status":"publish","type":"post","link":"https:\/\/zonaroja.com.mx\/?p=59706","title":{"rendered":"Desde Colombia, AMLO llama a lucha frontal contra el fentanilo"},"content":{"rendered":"\n<p>Redacci\u00f3n\/Zona Roja Cdmx.<\/p>\n\n\n\n<p>Ciudad de M\u00e9xico, a 10 de septiembre de 2023.- En su visita a Colombia, el Presidente Andr\u00e9s Manuel L\u00f3pez Obrador llam\u00f3 a participar por obligaci\u00f3n moral y por humanismo, en el combate al consumo del fentanilo en Estados Unidos, droga a la que defini\u00f3 como causante de \u201cuna pandemia\u201d.<\/p>\n\n\n\n<p>\u201cSi aumenta el consumo de fentalino, ser\u00eda terrible\u201d, acot\u00f3. \u201cPienso que aunque no sea un problema nuestro, propiamente, o que no nos afecte de manera directa, debemos de participar en el combate\u201d, enfatiz\u00f3.<\/p>\n\n\n\n<p>Durante la clausura de la Conferencia Latinoamericana y del Caribe sobre drogas y perspectivas futuras, que se celebra en Cali, Colombia, y ante el anfitri\u00f3n, el presidente Gustavo Petro, el mandatario federal dijo que el combate a ese opioide debe darse con respeto a la soberan\u00eda de las naciones.<\/p>\n\n\n\n<p>Hizo \u00e9nfasis en que independientemente de las diferencias y por encima de banderas partidistas y de posturas ideol\u00f3gicas, est\u00e1n los derechos humanos y el principal derecho humano, acot\u00f3, es el derecho a la vida.<\/p>\n\n\n\n<p>El presidente L\u00f3pez Obrador resalt\u00f3 que no se trata solo de eliminar al fentanilo, dado que \u201csi hay consumo es que algo anda mal en esa sociedad porque puede desaparecer el fentalino y va a surgir opta sustancia igual de da\u00f1ina o peor\u201d.<\/p>\n\n\n\n<p>\u201cPara el caso nuestro, para el caso de nuestros pa\u00edses orientar mucho (a los j\u00f3venes), porque imaginemos, si aumenta el consumo de fentanilo en nuestros pa\u00edses, ser\u00eda terrible. Entonces, si hay que prevenir y hay que orientar mucho\u201d.<\/p>\n\n\n\n<p>Coincidi\u00f3 con la pol\u00edtica del mandatario colombiano, a quien defini\u00f3 como su \u201chermano\u201d, en el sentido de que \u201cno debemos optar por el uso de la fuerza. No a la guerra\u201d.<\/p>\n\n\n\n<p>(Informaci\u00f3n de \u201cExpansi\u00f3n Pol\u00edtica\u201d)<\/p>\n","protected":false},"excerpt":{"rendered":"<p>Redacci\u00f3n\/Zona Roja Cdmx. Ciudad de M\u00e9xico, a 10 de septiembre de 2023.- En su visita&hellip;<\/p>\n","protected":false},"author":2,"featured_media":59703,"comment_status":"closed","ping_status":"open","sticky":false,"template":"","format":"standard","meta":{"_lmt_disableupdate":"","_lmt_disable":"","_jetpack_memberships_contains_paid_content":false,"footnotes":""},"categories":[109,46],"tags":[143],"class_list":["post-59706","post","type-post","status-publish","format-standard","has-post-thumbnail","hentry","category-minuto-a-minuto","category-zona-blanca","tag-andres-manuel-lopez-obrador"],"jetpack_featured_media_url":"https:\/\/zonaroja.com.mx\/wp-content\/uploads\/2023\/09\/Lopez-Obrador-y-Petro-Colombia.webp","jetpack_sharing_enabled":true,"_links":{"self":[{"href":"https:\/\/zonaroja.com.mx\/index.php?rest_route=\/wp\/v2\/posts\/59706","targetHints":{"allow":["GET"]}}],"collection":[{"href":"https:\/\/zonaroja.com.mx\/index.php?rest_route=\/wp\/v2\/posts"}],"about":[{"href":"https:\/\/zonaroja.com.mx\/index.php?rest_route=\/wp\/v2\/types\/post"}],"author":[{"embeddable":true,"href":"https:\/\/zonaroja.com.mx\/index.php?rest_route=\/wp\/v2\/users\/2"}],"replies":[{"embeddable":true,"href":"https:\/\/zonaroja.com.mx\/index.php?rest_route=%2Fwp%2Fv2%2Fcomments&post=59706"}],"version-history":[{"count":1,"href":"https:\/\/zonaroja.com.mx\/index.php?rest_route=\/wp\/v2\/posts\/59706\/revisions"}],"predecessor-version":[{"id":59707,"href":"https:\/\/zonaroja.com.mx\/index.php?rest_route=\/wp\/v2\/posts\/59706\/revisions\/59707"}],"wp:featuredmedia":[{"embeddable":true,"href":"https:\/\/zonaroja.com.mx\/index.php?rest_route=\/wp\/v2\/media\/59703"}],"wp:attachment":[{"href":"https:\/\/zonaroja.com.mx\/index.php?rest_route=%2Fwp%2Fv2%2Fmedia&parent=59706"}],"wp:term":[{"taxonomy":"category","embeddable":true,"href":"https:\/\/zonaroja.com.mx\/index.php?rest_route=%2Fwp%2Fv2%2Fcategories&post=59706"},{"taxonomy":"post_tag","embeddable":true,"href":"https:\/\/zonaroja.com.mx\/index.php?rest_route=%2Fwp%2Fv2%2Ftags&post=59706"}],"curies":[{"name":"wp","href":"https:\/\/api.w.org\/{rel}","templated":true}]}}