{"id":59709,"date":"2023-09-11T12:26:00","date_gmt":"2023-09-11T17:26:00","guid":{"rendered":"http:\/\/www.zonaroja.com.mx\/?p=59709"},"modified":"2023-09-10T08:27:35","modified_gmt":"2023-09-10T13:27:35","slug":"cuando-fue-que-claudia-y-xochitl-sumaron-esfuerzos-por-una-causa","status":"publish","type":"post","link":"https:\/\/zonaroja.com.mx\/?p=59709","title":{"rendered":"\u00bfCu\u00e1ndo fue que Claudia y X\u00f3chitl sumaron esfuerzos por una causa?"},"content":{"rendered":"\n<p>Redacci\u00f3n\/Zona Roja Cdmx.<\/p>\n\n\n\n<p>Ciudad de M\u00e9xico, a 11 de septiembre de 2023.- Claudia Sheinbaum y X\u00f3chitl G\u00e1lvez alguna vez unieron fuerzas contra el Gobierno de la Ciudad de M\u00e9xico, y es que hace algunos a\u00f1os, ambas como jefas delegaciones de Tlalpan y Miguel Hidalgo, respectivamente, se aliaron para hacer frente a la administraci\u00f3n de Miguel \u00c1ngel Mancera y demandar mayor presupuesto.\u00a0<\/p>\n\n\n\n<p>En Pol\u00edtico MX te contamos el d\u00eda en que las ahora aspirantes presidenciales se aliaron.<\/p>\n\n\n\n<p>Era enero de 2017 y tanto Sheinbaum como X\u00f3chitl encabezaban un grupo de cinco jefes delegacionales que protestaban contra el presupuesto que desde la Asamblea Legislativa del Distrito Federal, hoy Congreso de la Cdmx, se les hab\u00eda asignado a Azcapotzalco, Miguel Hidalgo, Tl\u00e1huac, Tlalpan y Xochimilco.<\/p>\n\n\n\n<p>X\u00f3chitl G\u00e1lvez, delegada de Miguel Hidalgo con el PAN, se sum\u00f3 al grupo de delegados de estirpe morenista. Desde ese grupo, las entonces jefas delegacionales enviaron una carta al entonces jefe de Gobierno, Miguel \u00c1ngel Mancera, en donde exig\u00edan compensar el Presupuesto de Egresos 2017 que se le asignaron a sus demarcaciones.<\/p>\n\n\n\n<p>Y es que en su momento acusaron que los recursos para sus demarcaciones no fueron determinados por base en criterios como poblaci\u00f3n, extensi\u00f3n territorial, entre otros par\u00e1metros; sino que supuestamente hab\u00edan sido asignados con miras al proceso electoral que se avecinaba.<\/p>\n\n\n\n<p>Desde ese quiebre con el Gobierno de la Cdmx, Claudia Sheinbaum y X\u00f3chitl G\u00e1lvez cerraron filas una con la otra y formaron un bloque con morenistas de la capital del pa\u00eds, en donde por cierto, no incluyeron al entonces delegado de Cuauht\u00e9moc, Ricardo Monreal.<\/p>\n\n\n\n<p>Gracias a esa buena camarader\u00eda que surgi\u00f3 entre ambas, intercambiaron programas sociales en sus respectivas delegaciones, X\u00f3chitl acord\u00f3 aplicar el programa de \u201cCiberescuelas\u201d que implement\u00f3 Sheinbaum para la alfabetizaci\u00f3n de los habitantes, mientras que la morenista hizo lo mismo con el programa que impulsaba trabajos desde casa para madres de ni\u00f1os con discapacidad.&nbsp;<\/p>\n\n\n\n<p>Ambas figuras, alzaron la mano en su momento para buscar la candidatura de sus respectivos partidos para la Jefatura de Gobierno de la Cdmx. Mientras Sheinbaum fue postulada por Morena y gan\u00f3 la elecci\u00f3n en 2018, el PAN decidi\u00f3 ir en alianza con el PRD y MC, para abanderar a Alejandra Barrales, quien perdi\u00f3 la elecci\u00f3n. X\u00f3chitl G\u00e1lvez tuvo que conformarse con ser senadora plurinominal del PAN para la presente legislatura de la C\u00e1mara Alta de 2018 a 2024.<\/p>\n\n\n\n<p>Por esa temporada, seg\u00fan relat\u00f3 X\u00f3chitl G\u00e1lvez, tanto Sheinbaum como Andr\u00e9s L\u00f3pez Beltr\u00e1n, hijo del presidente Andr\u00e9s Manuel L\u00f3pez Obrador, la buscaron para unirse a Morena, pero ella se neg\u00f3.<\/p>\n\n\n\n<p>\u201cCuando me invitan en el 2017 a ir a su grupo, me manda a Claudia Sheinbaum y me mandan a su hijo, a Andy, a mi casa y me plantean los dos ir con \u00e9l, acompa\u00f1arle como senadora o acompa\u00f1arle en el gabinete. Lo recib\u00ed yo en mi pueblo, \u00e9l estuvo en mi tierra, sabe de d\u00f3nde soy\u201d, revel\u00f3 la ahora aspirante presidencial en una entrevista en XEVT.<\/p>\n\n\n\n<p>(Informaci\u00f3n del portal Pol\u00edtico Mx)<\/p>\n","protected":false},"excerpt":{"rendered":"<p>Redacci\u00f3n\/Zona Roja Cdmx. Ciudad de M\u00e9xico, a 11 de septiembre de 2023.- Claudia Sheinbaum y&hellip;<\/p>\n","protected":false},"author":2,"featured_media":59702,"comment_status":"closed","ping_status":"open","sticky":false,"template":"","format":"standard","meta":{"_lmt_disableupdate":"","_lmt_disable":"","_jetpack_memberships_contains_paid_content":false,"footnotes":""},"categories":[109,46],"tags":[3370],"class_list":["post-59709","post","type-post","status-publish","format-standard","has-post-thumbnail","hentry","category-minuto-a-minuto","category-zona-blanca","tag-claudia-sheinbaum"],"jetpack_featured_media_url":"https:\/\/zonaroja.com.mx\/wp-content\/uploads\/2023\/09\/Xochitl-Galvez-y-Claudia-Sheinbaum.webp","jetpack_sharing_enabled":true,"_links":{"self":[{"href":"https:\/\/zonaroja.com.mx\/index.php?rest_route=\/wp\/v2\/posts\/59709","targetHints":{"allow":["GET"]}}],"collection":[{"href":"https:\/\/zonaroja.com.mx\/index.php?rest_route=\/wp\/v2\/posts"}],"about":[{"href":"https:\/\/zonaroja.com.mx\/index.php?rest_route=\/wp\/v2\/types\/post"}],"author":[{"embeddable":true,"href":"https:\/\/zonaroja.com.mx\/index.php?rest_route=\/wp\/v2\/users\/2"}],"replies":[{"embeddable":true,"href":"https:\/\/zonaroja.com.mx\/index.php?rest_route=%2Fwp%2Fv2%2Fcomments&post=59709"}],"version-history":[{"count":1,"href":"https:\/\/zonaroja.com.mx\/index.php?rest_route=\/wp\/v2\/posts\/59709\/revisions"}],"predecessor-version":[{"id":59710,"href":"https:\/\/zonaroja.com.mx\/index.php?rest_route=\/wp\/v2\/posts\/59709\/revisions\/59710"}],"wp:featuredmedia":[{"embeddable":true,"href":"https:\/\/zonaroja.com.mx\/index.php?rest_route=\/wp\/v2\/media\/59702"}],"wp:attachment":[{"href":"https:\/\/zonaroja.com.mx\/index.php?rest_route=%2Fwp%2Fv2%2Fmedia&parent=59709"}],"wp:term":[{"taxonomy":"category","embeddable":true,"href":"https:\/\/zonaroja.com.mx\/index.php?rest_route=%2Fwp%2Fv2%2Fcategories&post=59709"},{"taxonomy":"post_tag","embeddable":true,"href":"https:\/\/zonaroja.com.mx\/index.php?rest_route=%2Fwp%2Fv2%2Ftags&post=59709"}],"curies":[{"name":"wp","href":"https:\/\/api.w.org\/{rel}","templated":true}]}}