{"id":5971,"date":"2019-11-22T09:24:03","date_gmt":"2019-11-22T15:24:03","guid":{"rendered":"http:\/\/www.zonaroja.com.mx\/?p=5971"},"modified":"2019-11-22T09:24:10","modified_gmt":"2019-11-22T15:24:10","slug":"inhuman-a-20-no-identificados-en-salina-cruz-en-ixcatlan-hallan-fosa-clandestina","status":"publish","type":"post","link":"https:\/\/zonaroja.com.mx\/?p=5971","title":{"rendered":"Inhuman a 20 no identificados en Salina Cruz; en Ixcatl\u00e1n hallan fosa clandestina"},"content":{"rendered":"\n<p>Redacci\u00f3n\/Zona Roja.<\/p>\n\n\n\n<p>Oaxaca de Ju\u00e1rez, Oax., 22 de noviembre\nde 2019.- La Fiscal\u00eda General del Estado de Oaxaca inhum\u00f3 20 cuerpos de\npersonas no identificadas, en un pante\u00f3n de Salina Cruz, en la regi\u00f3n del Istmo\nde Tehuantepec.<\/p>\n\n\n\n<p>Lo anterior, en acatamiento a los protocolos\nde la Ley General en Materia de Desaparici\u00f3n Forzada de Personas, Desaparici\u00f3n\nCometida por Particulares y del Sistema Nacional de B\u00fasqueda, dijo, sin\nproporcionar mayores detalles.<\/p>\n\n\n\n<p>HALLAZGOS EN IXCATL\u00c1N<\/p>\n\n\n\n<p>Por otra parte, en un comunicado, dio a\nconocer a que anoche elementos de la Guardia Nacional, de la Agencia Estatal de\nInvestigaciones y de la Polic\u00eda Estatal efectuaron un operativo en San Pedro\nIxcatl\u00e1n, municipio de la regi\u00f3n de la Cuenca.<\/p>\n\n\n\n<p>Ah\u00ed asegur\u00f3 armas, municiones,\nembarcaciones, unidades de motor, as\u00ed como la detenci\u00f3n de tres personas y el\nhallazgo de dos cuerpos sepultados.<\/p>\n\n\n\n<p>Ello con base en la carpeta de investigaci\u00f3n 40559\/FCUE\/TUXTEPEC\/219, abierta por los delitos de homicidio, inhumaci\u00f3n clandestina y asociaci\u00f3n delictuosa.<\/p>\n\n\n\n<figure class=\"wp-block-image\"><img decoding=\"async\" width=\"1024\" height=\"682\" src=\"http:\/\/www.zonaroja.com.mx\/wp-content\/uploads\/2019\/11\/9-1-1024x682.jpg\" alt=\"\" class=\"wp-image-5972\" srcset=\"https:\/\/zonaroja.com.mx\/wp-content\/uploads\/2019\/11\/9-1-1024x682.jpg 1024w, https:\/\/zonaroja.com.mx\/wp-content\/uploads\/2019\/11\/9-1-300x200.jpg 300w, https:\/\/zonaroja.com.mx\/wp-content\/uploads\/2019\/11\/9-1-768x512.jpg 768w, https:\/\/zonaroja.com.mx\/wp-content\/uploads\/2019\/11\/9-1-1170x780.jpg 1170w, https:\/\/zonaroja.com.mx\/wp-content\/uploads\/2019\/11\/9-1-585x390.jpg 585w, https:\/\/zonaroja.com.mx\/wp-content\/uploads\/2019\/11\/9-1-263x175.jpg 263w, https:\/\/zonaroja.com.mx\/wp-content\/uploads\/2019\/11\/9-1.jpg 1280w\" sizes=\"(max-width: 1024px) 100vw, 1024px\" \/><\/figure>\n\n\n\n<p>Detall\u00f3 que durante el despliegue y\ntras una persecuci\u00f3n en lancha en el interior de la presa \u201cMiguel Alem\u00e1n\u201d,\nagentes estatales detuvieron en la isla \u201cLa Cholina\u201d a tres masculinos\nidentificados como L. G. J., L. G. T. y M. G. T. a quienes se les asegur\u00f3 una\nembarcaci\u00f3n de motor (lancha), diversas armas de fuego, un cargador, cartuchos\nde diverso calibre y tres cargadores para fusil de asalto AR-15.<\/p>\n\n\n\n<p>Asimismo, localizaron dos cuerpos\nsepultados en avanzado estado de putrefacci\u00f3n, los cuales fueron trasladados al\ndescanso municipal de la Ciudad de Tuxtepec, para practicarles la necropsia de\nley.<\/p>\n\n\n\n<p>Posteriormente, se logr\u00f3 asegurar una\nsegunda embarcaci\u00f3n de motor que fue abandonada, as\u00ed como una motocicleta que\npresentaba alteraciones en sus n\u00fameros de identificaci\u00f3n.<\/p>\n\n\n\n<p>Finalmente, en el lugar conocido como\n\u201cCongregaci\u00f3n Loma Bonita\u201d, fueron asegurados dos veh\u00edculos de motor, marca\nNissan, tipo Versa y Nissan, tipo Tsuru. Cabe se\u00f1alar que los detenidos y los\nobjetos asegurados fueron puestos a disposici\u00f3n de la autoridad ministerial, a\nla espera de la resoluci\u00f3n de su situaci\u00f3n jur\u00eddica.<\/p>\n\n\n\n<p>CASO OZOLOTEPEC<\/p>\n\n\n\n<p>Mientras tanto, en otro bolet\u00edn, expuso\nque ayer logr\u00f3 la aprehensi\u00f3n de una mujer y un masculino, probablemente\nrelacionados con los hechos violentos cometidos hace casi tres meses en la\nlocalidad de San Marcial Ozolotepec, Miahuatl\u00e1n, donde se report\u00f3 el\nfallecimiento de tres personas y la desaparici\u00f3n de dos masculinos m\u00e1s.<\/p>\n\n\n\n<p>A\u00f1adi\u00f3 que con esta detenci\u00f3n, suman en\ntotal cuatro las personas detenidas por estos hechos ocurridos el 22 de agosto\nde 2019, entre las que se encuentran el edil de San Marcial Ozolotepec, R. L.\nH., y su hermano identificado como F. L. H., detenidos el pasado 11 de octubre\npor el delito de homicidio calificado y vinculados a proceso por el Juez de\nControl.<\/p>\n\n\n\n<p>De acuerdo con la causa penal 92\/2019,\nentre las 23:00 horas del 22 de agosto y 00:35 del 23 de agosto de este a\u00f1o, se\nreport\u00f3 el hallazgo sin vida de tres personas del sexo masculino por proyectil\nde arma de fuego en la localidad de San Marcial Ozolotepec, las cuales fueron\nidentificadas como J. Z. P., H. P., y P. M. M.<\/p>\n\n\n\n<p>Asimismo, se report\u00f3 la desaparici\u00f3n de\nlos masculinos C. G. R., y D. J. M., de 61 y 24 a\u00f1os de edad, respectivamente,\nquienes hasta ahora no han sido localizados.<\/p>\n\n\n\n<p>Por este \u00faltimo hecho, logr\u00f3 la\naprehensi\u00f3n, el pasado 20 de noviembre de una mujer identificada como E. M.,\npor el delito de homicidio calificado y del masculino A. V., por el delito de\ndesaparici\u00f3n cometida por particulares.<\/p>\n\n\n\n<p>En audiencia, los imputados E. M., y A.\nV., solicitaron la ampliaci\u00f3n del t\u00e9rmino constitucional, la cual vence el\npr\u00f3ximo 25 de noviembre, quedando en prisi\u00f3n preventiva hasta la resoluci\u00f3n de\nsu situaci\u00f3n jur\u00eddica.<\/p>\n","protected":false},"excerpt":{"rendered":"<p>Redacci\u00f3n\/Zona Roja. Oaxaca de Ju\u00e1rez, Oax., 22 de noviembre de 2019.- La Fiscal\u00eda General del&hellip;<\/p>\n","protected":false},"author":2,"featured_media":5973,"comment_status":"closed","ping_status":"open","sticky":false,"template":"","format":"standard","meta":{"_lmt_disableupdate":"","_lmt_disable":"","_jetpack_memberships_contains_paid_content":false,"footnotes":""},"categories":[109,51],"tags":[606],"class_list":["post-5971","post","type-post","status-publish","format-standard","has-post-thumbnail","hentry","category-minuto-a-minuto","category-zona-roja","tag-san-marcial-ozolotepec"],"jetpack_featured_media_url":"https:\/\/zonaroja.com.mx\/wp-content\/uploads\/2019\/11\/Inhumados-Salina-Cruz.png","jetpack_sharing_enabled":true,"_links":{"self":[{"href":"https:\/\/zonaroja.com.mx\/index.php?rest_route=\/wp\/v2\/posts\/5971","targetHints":{"allow":["GET"]}}],"collection":[{"href":"https:\/\/zonaroja.com.mx\/index.php?rest_route=\/wp\/v2\/posts"}],"about":[{"href":"https:\/\/zonaroja.com.mx\/index.php?rest_route=\/wp\/v2\/types\/post"}],"author":[{"embeddable":true,"href":"https:\/\/zonaroja.com.mx\/index.php?rest_route=\/wp\/v2\/users\/2"}],"replies":[{"embeddable":true,"href":"https:\/\/zonaroja.com.mx\/index.php?rest_route=%2Fwp%2Fv2%2Fcomments&post=5971"}],"version-history":[{"count":1,"href":"https:\/\/zonaroja.com.mx\/index.php?rest_route=\/wp\/v2\/posts\/5971\/revisions"}],"predecessor-version":[{"id":5974,"href":"https:\/\/zonaroja.com.mx\/index.php?rest_route=\/wp\/v2\/posts\/5971\/revisions\/5974"}],"wp:featuredmedia":[{"embeddable":true,"href":"https:\/\/zonaroja.com.mx\/index.php?rest_route=\/wp\/v2\/media\/5973"}],"wp:attachment":[{"href":"https:\/\/zonaroja.com.mx\/index.php?rest_route=%2Fwp%2Fv2%2Fmedia&parent=5971"}],"wp:term":[{"taxonomy":"category","embeddable":true,"href":"https:\/\/zonaroja.com.mx\/index.php?rest_route=%2Fwp%2Fv2%2Fcategories&post=5971"},{"taxonomy":"post_tag","embeddable":true,"href":"https:\/\/zonaroja.com.mx\/index.php?rest_route=%2Fwp%2Fv2%2Ftags&post=5971"}],"curies":[{"name":"wp","href":"https:\/\/api.w.org\/{rel}","templated":true}]}}