{"id":59713,"date":"2023-09-10T15:32:00","date_gmt":"2023-09-10T20:32:00","guid":{"rendered":"http:\/\/www.zonaroja.com.mx\/?p=59713"},"modified":"2023-09-10T08:52:44","modified_gmt":"2023-09-10T13:52:44","slug":"denuncian-que-jefe-administrativo-del-monte-de-piedad-solo-tiene-bachillerato","status":"publish","type":"post","link":"https:\/\/zonaroja.com.mx\/?p=59713","title":{"rendered":"Denuncian que jefe administrativo del Monte de Piedad s\u00f3lo tiene bachillerato"},"content":{"rendered":"\n<p>Redacci\u00f3n\/Zona Roja.<\/p>\n\n\n\n<p>Oaxaca de Ju\u00e1rez, Oax., a 10 de septiembre de 2023.- Trabajadores de base del Monte de Piedad del Gobierno del Estado de Oaxaca denunciaron la escasa preparaci\u00f3n profesional de los mandos de esa instituci\u00f3n.<\/p>\n\n\n\n<p>De acuerdo con informaci\u00f3n que proporcionaron, uno de los casos es el de Ricardo Cruz Z\u00e1rate, quien ocupa el cargo de director Administrativo pero s\u00f3lo cuenta con estudios de bachillerato.<\/p>\n\n\n\n<p>\u201cEl funcionario adem\u00e1s de ser novato e inexperto, es &nbsp;descuidado hasta con su imagen personal\u201d, difundieron en redes sociales, al lamentar que una persona sin preparaci\u00f3n acad\u00e9mica adecuada est\u00e9 manejando los recursos financieros de la instituci\u00f3n crediticia gubernamental.<\/p>\n\n\n\n<p>\u201cSon muchas las inconformidades que existen en contra del director Administrativo, pues se escucha en los pasillos que existe vac\u00edo de poder en la Direcci\u00f3n Administrativa y que su nombramiento ha sido de los m\u00e1s herrado que se pudo haber cometido en la dependencia.&nbsp;<\/p>\n\n\n\n<p>\u201cResalta que en esa direcci\u00f3n ya han pasado por lo menos tres funcionarios y este \u00faltimo fue colocado despu\u00e9s de no haber dado resultados en la unidad t\u00e9cnica, cargo que dej\u00f3 con muchas tareas pendientes y que al momento no se han cubierto en su totalidad\u201d, se\u00f1alaron.<\/p>\n\n\n\n<p>Cabe recordar que el director del Monte de Piedad, Omar Juli\u00e1n Juli\u00e1n, enfrenta una denuncia por acoso sexual y laboral en contra de una ex empleada, Magda Liliana A. C., quien lo se\u00f1al\u00f3 p\u00fablicamente semanas atr\u00e1s.<\/p>\n\n\n\n<p>El caso lo contin\u00faa investigando la Fiscal\u00eda General del Estado de Oaxaca.<\/p>\n","protected":false},"excerpt":{"rendered":"<p>Redacci\u00f3n\/Zona Roja. Oaxaca de Ju\u00e1rez, Oax., a 10 de septiembre de 2023.- Trabajadores de base&hellip;<\/p>\n","protected":false},"author":2,"featured_media":59714,"comment_status":"closed","ping_status":"open","sticky":false,"template":"","format":"standard","meta":{"_lmt_disableupdate":"","_lmt_disable":"","_jetpack_memberships_contains_paid_content":false,"footnotes":""},"categories":[109,47],"tags":[833],"class_list":["post-59713","post","type-post","status-publish","format-standard","has-post-thumbnail","hentry","category-minuto-a-minuto","category-zona-gris","tag-monte-de-piedad-del-estado-de-oaxaca"],"jetpack_featured_media_url":"https:\/\/zonaroja.com.mx\/wp-content\/uploads\/2023\/09\/Trabajador-Monte-de-piedad.jpg","jetpack_sharing_enabled":true,"_links":{"self":[{"href":"https:\/\/zonaroja.com.mx\/index.php?rest_route=\/wp\/v2\/posts\/59713","targetHints":{"allow":["GET"]}}],"collection":[{"href":"https:\/\/zonaroja.com.mx\/index.php?rest_route=\/wp\/v2\/posts"}],"about":[{"href":"https:\/\/zonaroja.com.mx\/index.php?rest_route=\/wp\/v2\/types\/post"}],"author":[{"embeddable":true,"href":"https:\/\/zonaroja.com.mx\/index.php?rest_route=\/wp\/v2\/users\/2"}],"replies":[{"embeddable":true,"href":"https:\/\/zonaroja.com.mx\/index.php?rest_route=%2Fwp%2Fv2%2Fcomments&post=59713"}],"version-history":[{"count":1,"href":"https:\/\/zonaroja.com.mx\/index.php?rest_route=\/wp\/v2\/posts\/59713\/revisions"}],"predecessor-version":[{"id":59715,"href":"https:\/\/zonaroja.com.mx\/index.php?rest_route=\/wp\/v2\/posts\/59713\/revisions\/59715"}],"wp:featuredmedia":[{"embeddable":true,"href":"https:\/\/zonaroja.com.mx\/index.php?rest_route=\/wp\/v2\/media\/59714"}],"wp:attachment":[{"href":"https:\/\/zonaroja.com.mx\/index.php?rest_route=%2Fwp%2Fv2%2Fmedia&parent=59713"}],"wp:term":[{"taxonomy":"category","embeddable":true,"href":"https:\/\/zonaroja.com.mx\/index.php?rest_route=%2Fwp%2Fv2%2Fcategories&post=59713"},{"taxonomy":"post_tag","embeddable":true,"href":"https:\/\/zonaroja.com.mx\/index.php?rest_route=%2Fwp%2Fv2%2Ftags&post=59713"}],"curies":[{"name":"wp","href":"https:\/\/api.w.org\/{rel}","templated":true}]}}