{"id":59716,"date":"2023-09-10T20:14:59","date_gmt":"2023-09-11T01:14:59","guid":{"rendered":"http:\/\/www.zonaroja.com.mx\/?p=59716"},"modified":"2023-09-10T20:15:00","modified_gmt":"2023-09-11T01:15:00","slug":"falla-electrica-y-no-atentado-causa-de-incendio-de-autobus-en-zona-norte-del-istmo","status":"publish","type":"post","link":"https:\/\/zonaroja.com.mx\/?p=59716","title":{"rendered":"Falla el\u00e9ctrica y no atentado, causa de incendio de autob\u00fas en zona norte del Istmo"},"content":{"rendered":"\n<p>Redacci\u00f3n\/Zona Roja.<\/p>\n\n\n\n<p>Oaxaca de Ju\u00e1rez, Oax., a 10 de septiembre de 2023.- &nbsp;El incendio de un autob\u00fas que transitaba en la carretera Trans\u00edstmica a la altura de la poblaci\u00f3n de Donaj\u00ed, fue producto de un fallo el\u00e9ctrico, inform\u00f3 la Fiscal\u00eda General del Estado de Oaxaca (FGEO).&nbsp;<\/p>\n\n\n\n<p>La instituci\u00f3n procuradora de justicia inici\u00f3 una investigaci\u00f3n, ante el reporte de la conflagraci\u00f3n de un cami\u00f3n sobre la carretera federal 185, registrado la noche del s\u00e1bado 9 de septiembre, mismo que ten\u00eda como destino el estado de Chiapas, procedente de la Ciudad de M\u00e9xico.&nbsp;<\/p>\n\n\n\n<p>Ante ello, se realizaron las indagatorias que permitieron identificar que el incendio se debi\u00f3 a un sobre calentamiento del sistema el\u00e9ctrico que provoc\u00f3 un corto circuito.<\/p>\n\n\n\n<p>La Fiscal\u00eda se\u00f1al\u00f3 que es importante que la ciudadan\u00eda se informe por las v\u00edas institucionales, para evitar la difusi\u00f3n de rumores o noticias falsas que generan alerta o confusi\u00f3n en la ciudadan\u00eda.<\/p>\n\n\n\n<p>De la misma forma, refrend\u00f3 que los recorridos de vigilancia y seguridad implementados en la zona norte del Istmo de Tehuantepec, conjuntamente con elementos policiales de la Secretar\u00eda de Seguridad P\u00fablica y Protecci\u00f3n Ciudadana (SSPC), Secretar\u00eda de la Defensa Nacional (Sedena), Guardia Nacional (GN) y Agencia Estatal de Investigaciones (AEI), contin\u00faan y se mantendr\u00e1n indefinidamente.<\/p>\n\n\n\n<p>Lo anterior, como parte de una estrategia de fortalecimiento del trabajo de vigilancia en la regi\u00f3n, para brindar certeza y seguridad a las personas que recorren las carreteras ubicadas a la altura de Mat\u00edas Romero- Santo Domingo Petapa; el entronque de San Juan Guichicovi y Lagunas, as\u00ed como Palomares en la intersecci\u00f3n con San Juan Guichicovi.<\/p>\n","protected":false},"excerpt":{"rendered":"<p>Redacci\u00f3n\/Zona Roja. Oaxaca de Ju\u00e1rez, Oax., a 10 de septiembre de 2023.- &nbsp;El incendio de&hellip;<\/p>\n","protected":false},"author":2,"featured_media":59717,"comment_status":"closed","ping_status":"open","sticky":false,"template":"","format":"standard","meta":{"_lmt_disableupdate":"","_lmt_disable":"","_jetpack_memberships_contains_paid_content":false,"footnotes":""},"categories":[109,46],"tags":[494],"class_list":["post-59716","post","type-post","status-publish","format-standard","has-post-thumbnail","hentry","category-minuto-a-minuto","category-zona-blanca","tag-fiscalia-general-del-estado-de-oaxaca"],"jetpack_featured_media_url":"https:\/\/zonaroja.com.mx\/wp-content\/uploads\/2023\/09\/Incendio-autobus-zona-norte-Istmo.jpg","jetpack_sharing_enabled":true,"_links":{"self":[{"href":"https:\/\/zonaroja.com.mx\/index.php?rest_route=\/wp\/v2\/posts\/59716","targetHints":{"allow":["GET"]}}],"collection":[{"href":"https:\/\/zonaroja.com.mx\/index.php?rest_route=\/wp\/v2\/posts"}],"about":[{"href":"https:\/\/zonaroja.com.mx\/index.php?rest_route=\/wp\/v2\/types\/post"}],"author":[{"embeddable":true,"href":"https:\/\/zonaroja.com.mx\/index.php?rest_route=\/wp\/v2\/users\/2"}],"replies":[{"embeddable":true,"href":"https:\/\/zonaroja.com.mx\/index.php?rest_route=%2Fwp%2Fv2%2Fcomments&post=59716"}],"version-history":[{"count":1,"href":"https:\/\/zonaroja.com.mx\/index.php?rest_route=\/wp\/v2\/posts\/59716\/revisions"}],"predecessor-version":[{"id":59718,"href":"https:\/\/zonaroja.com.mx\/index.php?rest_route=\/wp\/v2\/posts\/59716\/revisions\/59718"}],"wp:featuredmedia":[{"embeddable":true,"href":"https:\/\/zonaroja.com.mx\/index.php?rest_route=\/wp\/v2\/media\/59717"}],"wp:attachment":[{"href":"https:\/\/zonaroja.com.mx\/index.php?rest_route=%2Fwp%2Fv2%2Fmedia&parent=59716"}],"wp:term":[{"taxonomy":"category","embeddable":true,"href":"https:\/\/zonaroja.com.mx\/index.php?rest_route=%2Fwp%2Fv2%2Fcategories&post=59716"},{"taxonomy":"post_tag","embeddable":true,"href":"https:\/\/zonaroja.com.mx\/index.php?rest_route=%2Fwp%2Fv2%2Ftags&post=59716"}],"curies":[{"name":"wp","href":"https:\/\/api.w.org\/{rel}","templated":true}]}}