{"id":59719,"date":"2023-09-10T20:35:55","date_gmt":"2023-09-11T01:35:55","guid":{"rendered":"http:\/\/www.zonaroja.com.mx\/?p=59719"},"modified":"2023-09-10T20:35:57","modified_gmt":"2023-09-11T01:35:57","slug":"lucha-de-indigenas-violentadas-son-burladas-por-funcionarios-persiste-proteccion-a-donato-vargas-victimas","status":"publish","type":"post","link":"https:\/\/zonaroja.com.mx\/?p=59719","title":{"rendered":"Lucha de ind\u00edgenas violentadas son burladas por funcionarios; persiste protecci\u00f3n a Donato Vargas: v\u00edctimas"},"content":{"rendered":"\n<p>Yuridiana Sosa\/Zona Roja.<\/p>\n\n\n\n<p>Oaxaca de Ju\u00e1rez, Oax., a 10 de septiembre de 2023.- V\u00edctimas de acoso sexual y violencias por parte de funcionarios y pol\u00edticos del gobierno de Morena en Oaxaca se\u00f1alaron que la lucha de las mujeres ind\u00edgenas contra estos actos s\u00f3lo ha demostrado que las autoridades las ocupen como un discurso pol\u00edtico.<\/p>\n\n\n\n<p>En conferencia de prensa, en d\u00edas pasados desde el z\u00f3calo de la capital, Aracely Cruz &#8211; v\u00edctima de violencia f\u00edsica y digital de Donato Vargas, funcionario de alto nivel del gobierno de Oaxaca- y Adriana Hern\u00e1ndez, -v\u00edctima de acoso sexual de Francisco Regino Montes, operador pol\u00edtico de Morena y hermano del titular del INPI- se\u00f1alaron la omisi\u00f3n de funcionarios de los distintos poderes sobre estos casos.<\/p>\n\n\n\n<p>Aracely Cruz, quien revel\u00f3 que existen otros casos de violencia cometidos por funcionarios, indic\u00f3 que tanto ella como Adriana, ambas de origen ind\u00edgena, fueron ignoradas por la diputada federal de Morena, Irma Juan Carlos, presidenta de la Comisi\u00f3n Pueblos Ind\u00edgenas y Afromexicanos.<\/p>\n\n\n\n<p>La diputada oaxaque\u00f1a e ind\u00edgena ha evitado en ambos casos un di\u00e1logo con las afectadas, pero ocupa el discurso de la defensa de las mujeres ind\u00edgenas y la no violaci\u00f3n de sus derechos, as\u00ed como se toma y exhibe fotograf\u00edas con Donato Vargas.<\/p>\n\n\n\n<p>En tanto que Adelfo Regino Montes, titular del INPI, s\u00f3lo se limit\u00f3 a decirles a Aracely Cruz \u2013v\u00edctima del chat \u201cSierra XXX\u201d de Donato Vargas- &nbsp;que las mujeres del INPI la respaldaban en su lucha, sin que fuera un posicionamiento oficial y p\u00fablico; en el caso de Adriana Hern\u00e1ndez, el di\u00e1logo no se ha concretado.<\/p>\n\n\n\n<p>PAR\u00c1LISIS Y PROTECCI\u00d3N<\/p>\n\n\n\n<p>La abogada de Consorcio Oaxaca, Mar\u00eda de Lourdes L\u00f3pez Velasco, se\u00f1al\u00f3 que el caso de Donato Vargas est\u00e1 \u201cparado\u201d en la Fiscal\u00eda de Oaxaca, donde claramente le indican que se debe a la falta de Ministerios P\u00fablicos.<\/p>\n\n\n\n<p>Pero la par\u00e1lisis en el caso va m\u00e1s all\u00e1 de la falta de servidores p\u00fablicos, pues la situaci\u00f3n se complica m\u00e1s en el sentido de la protecci\u00f3n que existe del gobierno del estado a favor de Donato Vargas, indic\u00f3 la jur\u00eddico.<\/p>\n\n\n\n<p>Apunt\u00f3 que s\u00f3lo hace falta que se emita a favor de Aracely Cruz la orden de protecci\u00f3n para que Donato Vargas se abstenga a generar actos de violencia contra la v\u00edctima y que se haga llegar la notificaci\u00f3n al victimario.<\/p>\n\n\n\n<p>El documento, dijo, ya estaba hecho, pero tienen informaci\u00f3n que est\u00e9 fue cancelado, por lo que no avanza el caso.\u00a0<\/p>\n\n\n\n<figure class=\"wp-block-embed is-type-rich is-provider-twitter wp-block-embed-twitter\"><div class=\"wp-block-embed__wrapper\">\n<div class=\"twitter-tweet\"><blockquote class=\"twitter-tweet\" data-lang=\"es\"><p lang=\"es\" dir=\"ltr\">\u00bfY qu\u00e9 pas\u00f3 con la denuncia en contra de Donato Vargas? El funcionario de alto nivel del gobierno de <a href=\"https:\/\/twitter.com\/hashtag\/Oaxaca?src=hash&amp;ref_src=twsrc%5Etfw\">#Oaxaca<\/a> fue denunciado por violencia digital y violencia f\u00edsica por Aracely Cruz. Esto fue lo que dijo la v\u00edctima el pasado mi\u00e9rcoles: <a href=\"https:\/\/t.co\/VsTv6BOloK\">pic.twitter.com\/VsTv6BOloK<\/a><\/p>&mdash; Zona Roja Oaxaca (@ZonaRoja_Oaxaca) <a href=\"https:\/\/twitter.com\/ZonaRoja_Oaxaca\/status\/1700330140687884688?ref_src=twsrc%5Etfw\">9 de septiembre de 2023<\/a><\/blockquote><\/div>\n<\/div><\/figure>\n","protected":false},"excerpt":{"rendered":"<p>Yuridiana Sosa\/Zona Roja. Oaxaca de Ju\u00e1rez, Oax., a 10 de septiembre de 2023.- V\u00edctimas de&hellip;<\/p>\n","protected":false},"author":2,"featured_media":59720,"comment_status":"closed","ping_status":"open","sticky":false,"template":"","format":"standard","meta":{"_lmt_disableupdate":"","_lmt_disable":"","_jetpack_memberships_contains_paid_content":false,"footnotes":""},"categories":[109,47],"tags":[3502],"class_list":["post-59719","post","type-post","status-publish","format-standard","has-post-thumbnail","hentry","category-minuto-a-minuto","category-zona-gris","tag-donato-vargas-jimenez"],"jetpack_featured_media_url":"https:\/\/zonaroja.com.mx\/wp-content\/uploads\/2023\/09\/Aracely-Cruz-caso-Donato-Vargas.jpg","jetpack_sharing_enabled":true,"_links":{"self":[{"href":"https:\/\/zonaroja.com.mx\/index.php?rest_route=\/wp\/v2\/posts\/59719","targetHints":{"allow":["GET"]}}],"collection":[{"href":"https:\/\/zonaroja.com.mx\/index.php?rest_route=\/wp\/v2\/posts"}],"about":[{"href":"https:\/\/zonaroja.com.mx\/index.php?rest_route=\/wp\/v2\/types\/post"}],"author":[{"embeddable":true,"href":"https:\/\/zonaroja.com.mx\/index.php?rest_route=\/wp\/v2\/users\/2"}],"replies":[{"embeddable":true,"href":"https:\/\/zonaroja.com.mx\/index.php?rest_route=%2Fwp%2Fv2%2Fcomments&post=59719"}],"version-history":[{"count":1,"href":"https:\/\/zonaroja.com.mx\/index.php?rest_route=\/wp\/v2\/posts\/59719\/revisions"}],"predecessor-version":[{"id":59721,"href":"https:\/\/zonaroja.com.mx\/index.php?rest_route=\/wp\/v2\/posts\/59719\/revisions\/59721"}],"wp:featuredmedia":[{"embeddable":true,"href":"https:\/\/zonaroja.com.mx\/index.php?rest_route=\/wp\/v2\/media\/59720"}],"wp:attachment":[{"href":"https:\/\/zonaroja.com.mx\/index.php?rest_route=%2Fwp%2Fv2%2Fmedia&parent=59719"}],"wp:term":[{"taxonomy":"category","embeddable":true,"href":"https:\/\/zonaroja.com.mx\/index.php?rest_route=%2Fwp%2Fv2%2Fcategories&post=59719"},{"taxonomy":"post_tag","embeddable":true,"href":"https:\/\/zonaroja.com.mx\/index.php?rest_route=%2Fwp%2Fv2%2Ftags&post=59719"}],"curies":[{"name":"wp","href":"https:\/\/api.w.org\/{rel}","templated":true}]}}