{"id":59733,"date":"2023-09-11T09:30:00","date_gmt":"2023-09-11T14:30:00","guid":{"rendered":"http:\/\/www.zonaroja.com.mx\/?p=59733"},"modified":"2023-09-11T08:40:05","modified_gmt":"2023-09-11T13:40:05","slug":"realizan-prueba-a-tren-del-corredor-interoceanico-veracruz-oaxaca","status":"publish","type":"post","link":"https:\/\/zonaroja.com.mx\/?p=59733","title":{"rendered":"Realizan prueba a tren del Corredor Interoce\u00e1nico Veracruz-Oaxaca"},"content":{"rendered":"\n<p>Redacci\u00f3n\/Zona Roja Cdmx.<\/p>\n\n\n\n<p>Ciudad de M\u00e9xico, a 11 de septiembre de 2023.- La madrugada de este domingo, lleg\u00f3 a la estaci\u00f3n de la ciudad de Salina Cruz, Oaxaca, uno de los trenes pasajeros que forma parte del Corredor Interoce\u00e1nico del Istmo de Tehuantepec (CIIT).<\/p>\n\n\n\n<p>El arribo fue a las 02:20 de la ma\u00f1ana, tras hacer el recorrido de prueba, desde Coatzacoalcos, Veracruz, donde parti\u00f3 en punto de las 06:00 horas del s\u00e1bado 9 de septiembre, tal y como se hab\u00eda programado.<\/p>\n\n\n\n<p>En este viaje de prueba el tren tra\u00eda a bordo el personal de supervisi\u00f3n de Ferrocarriles del Istmo de Tehuantepec, quienes est\u00e1n ultimando detalles para que el tren quede listo para que sea abordado por el mandatario federal, Andr\u00e9s Manuel L\u00f3pez Obrador.<\/p>\n\n\n\n<p>A trav\u00e9s de su cuenta de Twitter, el gobernador de Oaxaca, Salom\u00f3n Jara Cruz, public\u00f3 el agrado de tener el tren ya en las primeras pruebas de viaje, \u201cNos da mucho gusto que ya se haya realizado el recorrido de prueba del tren de pasajeros del Corredor Interoce\u00e1nico, un proyecto con el que vamos a impulsar a #Oaxaca como el nuevo motor de desarrollo del sur-sureste. En pr\u00f3ximos d\u00edas vamos a estar supervisando esta obra con nuestro presidente Andr\u00e9s Manuel L\u00f3pez Obrador\u201d.<\/p>\n\n\n\n<p>De acuerdo a los datos t\u00e9cnicos, esta locomotora tiene un peso de 70.25 toneladas y 17.79 metros, y los vagones son de 38.18 toneladas y 3 metros de largos.<\/p>\n\n\n\n<p>PROTECCI\u00d3N DE SEMAR<\/p>\n\n\n\n<p>La llegada del tren gener\u00f3 mucha atracci\u00f3n, por lo que los habitantes de esta ciudad acudieron a ver los tres vagones que tra\u00eda esta locomotora, algunos tomaron videos y fotograf\u00edas.<\/p>\n\n\n\n<p>Cabe destacar que estos trabajos fueron resguardados por el personal de la Marina Armada de M\u00e9xico, quienes han tenido a cargo este proyecto de modernizaci\u00f3n de las v\u00edas del ferrocarril, para que nuevamente se activen los servicios de carga y pasaje, tal y como lo anunci\u00f3 el Gobierno Federal.<\/p>\n\n\n\n<p>(Informaci\u00f3n de \u201cEl Heraldo de M\u00e9xico\u201d)<\/p>\n","protected":false},"excerpt":{"rendered":"<p>Redacci\u00f3n\/Zona Roja Cdmx. Ciudad de M\u00e9xico, a 11 de septiembre de 2023.- La madrugada de&hellip;<\/p>\n","protected":false},"author":2,"featured_media":59730,"comment_status":"closed","ping_status":"open","sticky":false,"template":"","format":"standard","meta":{"_lmt_disableupdate":"","_lmt_disable":"","_jetpack_memberships_contains_paid_content":false,"footnotes":""},"categories":[109,46],"tags":[2917],"class_list":["post-59733","post","type-post","status-publish","format-standard","has-post-thumbnail","hentry","category-minuto-a-minuto","category-zona-blanca","tag-corredor-interoceanico-oaxaca"],"jetpack_featured_media_url":"https:\/\/zonaroja.com.mx\/wp-content\/uploads\/2023\/09\/Tren-corredor-interoceanico.jpeg","jetpack_sharing_enabled":true,"_links":{"self":[{"href":"https:\/\/zonaroja.com.mx\/index.php?rest_route=\/wp\/v2\/posts\/59733","targetHints":{"allow":["GET"]}}],"collection":[{"href":"https:\/\/zonaroja.com.mx\/index.php?rest_route=\/wp\/v2\/posts"}],"about":[{"href":"https:\/\/zonaroja.com.mx\/index.php?rest_route=\/wp\/v2\/types\/post"}],"author":[{"embeddable":true,"href":"https:\/\/zonaroja.com.mx\/index.php?rest_route=\/wp\/v2\/users\/2"}],"replies":[{"embeddable":true,"href":"https:\/\/zonaroja.com.mx\/index.php?rest_route=%2Fwp%2Fv2%2Fcomments&post=59733"}],"version-history":[{"count":1,"href":"https:\/\/zonaroja.com.mx\/index.php?rest_route=\/wp\/v2\/posts\/59733\/revisions"}],"predecessor-version":[{"id":59734,"href":"https:\/\/zonaroja.com.mx\/index.php?rest_route=\/wp\/v2\/posts\/59733\/revisions\/59734"}],"wp:featuredmedia":[{"embeddable":true,"href":"https:\/\/zonaroja.com.mx\/index.php?rest_route=\/wp\/v2\/media\/59730"}],"wp:attachment":[{"href":"https:\/\/zonaroja.com.mx\/index.php?rest_route=%2Fwp%2Fv2%2Fmedia&parent=59733"}],"wp:term":[{"taxonomy":"category","embeddable":true,"href":"https:\/\/zonaroja.com.mx\/index.php?rest_route=%2Fwp%2Fv2%2Fcategories&post=59733"},{"taxonomy":"post_tag","embeddable":true,"href":"https:\/\/zonaroja.com.mx\/index.php?rest_route=%2Fwp%2Fv2%2Ftags&post=59733"}],"curies":[{"name":"wp","href":"https:\/\/api.w.org\/{rel}","templated":true}]}}